{"id":1414,"date":"2024-11-04T08:00:35","date_gmt":"2024-11-04T07:00:35","guid":{"rendered":"https:\/\/wordpress.nibis.de\/afsos\/?p=1414"},"modified":"2025-05-24T13:44:21","modified_gmt":"2025-05-24T11:44:21","slug":"aktion-tulpen-fuer-brot","status":"publish","type":"post","link":"https:\/\/wordpress.nibis.de\/afsos\/aktion-tulpen-fuer-brot\/","title":{"rendered":"Aktion &#8222;Tulpen f\u00fcr Brot&#8220;"},"content":{"rendered":"\n<figure class=\"wp-block-image size-full\"><img loading=\"lazy\" decoding=\"async\" width=\"1023\" height=\"675\" src=\"https:\/\/wordpress.nibis.de\/afsos\/files\/2024\/11\/Tulpenaktion-1023x675-1.jpeg\" alt=\"\" class=\"wp-image-1418\" srcset=\"https:\/\/wordpress.nibis.de\/afsos\/files\/2024\/11\/Tulpenaktion-1023x675-1.jpeg 1023w, https:\/\/wordpress.nibis.de\/afsos\/files\/2024\/11\/Tulpenaktion-1023x675-1-214x141.jpeg 214w, https:\/\/wordpress.nibis.de\/afsos\/files\/2024\/11\/Tulpenaktion-1023x675-1-768x507.jpeg 768w\" sizes=\"auto, (max-width: 1023px) 100vw, 1023px\" \/><\/figure>\n\n\n\n<p>Unser Gartenprojekt freut sich \u00fcber die erfolgreiche Teilnahme an der Aktion \u201eTulpen f\u00fcr Brot\u201c! Dank der gro\u00dfartigen Unterst\u00fctzung und Spendenbereitschaft konnten wir nahezu alle Tulpenzwiebeln verkaufen. Nur wenige Tulpen wurden in unserem Hochbeet auf der Terrasse eingepflanzt und versch\u00f6nern n\u00e4chstes Fr\u00fchjahr unser Gel\u00e4nde.<\/p>\n\n\n\n<p>Ein herzliches Dankesch\u00f6n an alle Spender, die diese Aktion unterst\u00fctzt haben! Durch Ihren Beitrag unterst\u00fctzt ihr nicht nur unser Gartenprojekt, sondern auch wohlt\u00e4tige Zwecke. Die Erl\u00f6se der Aktion \u201eTulpen f\u00fcr Brot\u201c gehen in diesem Jahr an Unicef, BOS (Orang-Utan und Regenwaldschutz) und die Kinderkrebshilfe.<\/p>\n","protected":false},"excerpt":{"rendered":"<p>Unser Gartenprojekt freut sich \u00fcber die erfolgreiche Teilnahme an der Aktion \u201eTulpen f\u00fcr Brot\u201c! Dank der gro\u00dfartigen Unterst\u00fctzung und Spendenbereitschaft konnten wir nahezu alle Tulpenzwiebeln verkaufen. Nur wenige Tulpen wurden in unserem Hochbeet auf der Terrasse eingepflanzt und versch\u00f6nern n\u00e4chstes Fr\u00fchjahr unser Gel\u00e4nde. Ein herzliches Dankesch\u00f6n an alle Spender, die diese Aktion unterst\u00fctzt haben! Durch Ihren Beitrag unterst\u00fctzt ihr nicht nur unser Gartenprojekt, sondern auch wohlt\u00e4tige Zwecke. Die Erl\u00f6se der Aktion \u201eTulpen f\u00fcr Brot\u201c gehen in diesem Jahr an Unicef,&#8230;<\/p>\n<p class=\"read-more\"><a class=\"btn btn-default\" href=\"https:\/\/wordpress.nibis.de\/afsos\/aktion-tulpen-fuer-brot\/\">Weiterlesen<span class=\"screen-reader-text\"> Weiterlesen<\/span><\/a><\/p>\n","protected":false},"author":9194233,"featured_media":1418,"comment_status":"closed","ping_status":"closed","sticky":false,"template":"","format":"standard","meta":{"footnotes":""},"categories":[1],"tags":[6],"class_list":["post-1414","post","type-post","status-publish","format-standard","has-post-thumbnail","hentry","category-aktuelles","tag-projekt-garten"],"_links":{"self":[{"href":"https:\/\/wordpress.nibis.de\/afsos\/wp-json\/wp\/v2\/posts\/1414","targetHints":{"allow":["GET"]}}],"collection":[{"href":"https:\/\/wordpress.nibis.de\/afsos\/wp-json\/wp\/v2\/posts"}],"about":[{"href":"https:\/\/wordpress.nibis.de\/afsos\/wp-json\/wp\/v2\/types\/post"}],"author":[{"embeddable":true,"href":"https:\/\/wordpress.nibis.de\/afsos\/wp-json\/wp\/v2\/users\/9194233"}],"replies":[{"embeddable":true,"href":"https:\/\/wordpress.nibis.de\/afsos\/wp-json\/wp\/v2\/comments?post=1414"}],"version-history":[{"count":2,"href":"https:\/\/wordpress.nibis.de\/afsos\/wp-json\/wp\/v2\/posts\/1414\/revisions"}],"predecessor-version":[{"id":1427,"href":"https:\/\/wordpress.nibis.de\/afsos\/wp-json\/wp\/v2\/posts\/1414\/revisions\/1427"}],"wp:featuredmedia":[{"embeddable":true,"href":"https:\/\/wordpress.nibis.de\/afsos\/wp-json\/wp\/v2\/media\/1418"}],"wp:attachment":[{"href":"https:\/\/wordpress.nibis.de\/afsos\/wp-json\/wp\/v2\/media?parent=1414"}],"wp:term":[{"taxonomy":"category","embeddable":true,"href":"https:\/\/wordpress.nibis.de\/afsos\/wp-json\/wp\/v2\/categories?post=1414"},{"taxonomy":"post_tag","embeddable":true,"href":"https:\/\/wordpress.nibis.de\/afsos\/wp-json\/wp\/v2\/tags?post=1414"}],"curies":[{"name":"wp","href":"https:\/\/api.w.org\/{rel}","templated":true}]}}