{"id":1429,"date":"2024-11-05T12:23:09","date_gmt":"2024-11-05T11:23:09","guid":{"rendered":"https:\/\/wordpress.nibis.de\/afsos\/?p=1429"},"modified":"2025-05-24T13:44:07","modified_gmt":"2025-05-24T11:44:07","slug":"lernen-aus-lebenserfahrung","status":"publish","type":"post","link":"https:\/\/wordpress.nibis.de\/afsos\/lernen-aus-lebenserfahrung\/","title":{"rendered":"<strong>Lernen aus Lebenserfahrung<\/strong>"},"content":{"rendered":"\n\t\t<!-- MasterSlider -->\n\t\t<div id=\"P_MS69ef3cbbb3091\" class=\"master-slider-parent msl ms-parent-id-26\" style=\"max-width:800px;\">\n\n\t\t\t\n\t\t\t<!-- MasterSlider Main -->\n\t\t\t<div id=\"MS69ef3cbbb3091\" class=\"master-slider ms-skin-default\" >\n\t\t\t\t \t\t\t\t \n\t\t\t\t<div  class=\"ms-slide\" data-delay=\"3\" data-fill-mode=\"fill\"  >\n\t\t\t\t\t<img decoding=\"async\" src=\"https:\/\/wordpress.nibis.de\/afsos\/wp-content\/plugins\/master-slider\/public\/assets\/css\/blank.gif\" alt=\"\" title=\"\" data-src=\"https:\/\/wordpress.nibis.de\/afsos\/files\/2024\/11\/20241023-8-scaled-600x480.jpg\" \/>\n\n\n\t<img decoding=\"async\" class=\"ms-thumb\" src=\"https:\/\/wordpress.nibis.de\/afsos\/files\/2024\/11\/20241023-8-scaled-140x80.jpg\" alt=\"\" \/>\n\t<div class=\"ms-thumb\" ><div class=\"ms-tab-context\"><div class=\"&quot;ms-tab-context&quot;\"><\/div><\/div>\n<\/div>\n\t\t\t\t<\/div>\n\t\t\t\t<div  class=\"ms-slide\" data-delay=\"3\" data-fill-mode=\"fill\"  >\n\t\t\t\t\t<img decoding=\"async\" src=\"https:\/\/wordpress.nibis.de\/afsos\/wp-content\/plugins\/master-slider\/public\/assets\/css\/blank.gif\" alt=\"\" title=\"\" data-src=\"https:\/\/wordpress.nibis.de\/afsos\/files\/2024\/11\/20241023-5-scaled-600x480.jpg\" \/>\n\n\n\t<img decoding=\"async\" class=\"ms-thumb\" src=\"https:\/\/wordpress.nibis.de\/afsos\/files\/2024\/11\/20241023-5-scaled-140x80.jpg\" alt=\"\" \/>\n\t<div class=\"ms-thumb\" ><div class=\"ms-tab-context\"><div class=\"&quot;ms-tab-context&quot;\"><\/div><\/div>\n<\/div>\n\t\t\t\t<\/div>\n\t\t\t\t<div  class=\"ms-slide\" data-delay=\"3\" data-fill-mode=\"fill\"  >\n\t\t\t\t\t<img decoding=\"async\" src=\"https:\/\/wordpress.nibis.de\/afsos\/wp-content\/plugins\/master-slider\/public\/assets\/css\/blank.gif\" alt=\"\" title=\"\" data-src=\"https:\/\/wordpress.nibis.de\/afsos\/files\/2024\/11\/20241023-4-scaled-600x480.jpg\" \/>\n\n\n\t<img decoding=\"async\" class=\"ms-thumb\" src=\"https:\/\/wordpress.nibis.de\/afsos\/files\/2024\/11\/20241023-4-scaled-140x80.jpg\" alt=\"\" \/>\n\t<div class=\"ms-thumb\" ><div class=\"ms-tab-context\"><div class=\"&quot;ms-tab-context&quot;\"><\/div><\/div>\n<\/div>\n\t\t\t\t<\/div>\n\t\t\t\t<div  class=\"ms-slide\" data-delay=\"3\" data-fill-mode=\"fill\"  >\n\t\t\t\t\t<img decoding=\"async\" src=\"https:\/\/wordpress.nibis.de\/afsos\/wp-content\/plugins\/master-slider\/public\/assets\/css\/blank.gif\" alt=\"\" title=\"\" data-src=\"https:\/\/wordpress.nibis.de\/afsos\/files\/2024\/11\/20241023-3-scaled-600x480.jpg\" \/>\n\n\n\t<img decoding=\"async\" class=\"ms-thumb\" src=\"https:\/\/wordpress.nibis.de\/afsos\/files\/2024\/11\/20241023-3-scaled-140x80.jpg\" alt=\"\" \/>\n\t<div class=\"ms-thumb\" ><div class=\"ms-tab-context\"><div class=\"&quot;ms-tab-context&quot;\"><\/div><\/div>\n<\/div>\n\t\t\t\t<\/div>\n\n\t\t\t<\/div>\n\t\t\t<!-- END MasterSlider Main -->\n\n\t\t\t \n\t\t<\/div>\n\t\t<!-- END MasterSlider -->\n\n\t\t<script>\n\t\t(function ( $ ) {\n\t\t\t\"use strict\";\n\n\t\t\t$(function () {\n\t\t\t\tvar masterslider_3091 = new MasterSlider();\n\n\t\t\t\t\/\/ slider controls\n\t\t\t\tmasterslider_3091.control('arrows'     ,{ autohide:false, overVideo:true  });\t\t\t\tmasterslider_3091.control('bullets'    ,{ autohide:false, overVideo:true, dir:'h', align:'bottom' , margin:10  });\n\n\t\t\t\tmasterslider_3091.control('thumblist'  ,{ autohide:false, overVideo:true, dir:'h', speed:17, inset:false, arrows:false, hover:false, customClass:'', align:'bottom',type:'thumbs', margin:5, width:140, height:80, space:5, fillMode:'fill'  });\n\t\t\t\t\/\/ slider setup\n\t\t\t\tmasterslider_3091.setup(\"MS69ef3cbbb3091\", {\n\t\t\t\t\t\twidth           : 600,\n\t\t\t\t\t\theight          : 480,\n\t\t\t\t\t\tminHeight       : 0,\n\t\t\t\t\t\tspace           : 0,\n\t\t\t\t\t\tstart           : 1,\n\t\t\t\t\t\tgrabCursor      : true,\n\t\t\t\t\t\tswipe           : true,\n\t\t\t\t\t\tmouse           : true,\n\t\t\t\t\t\tlayout          : \"boxed\",\n\t\t\t\t\t\twheel           : false,\n\t\t\t\t\t\tautoplay        : false,\n\t\t\t\t\t\tinstantStartLayers:false,\n\t\t\t\t\t\tloop            : false,\n\t\t\t\t\t\tshuffle         : false,\n\t\t\t\t\t\tpreload         : 0,\n\t\t\t\t\t\theightLimit     : true,\n\t\t\t\t\t\tautoHeight      : true,\n\t\t\t\t\t\tsmoothHeight    : true,\n\t\t\t\t\t\tendPause        : false,\n\t\t\t\t\t\toverPause       : true,\n\t\t\t\t\t\tfillMode        : \"fill\",\n\t\t\t\t\t\tcenterControls  : true,\n\t\t\t\t\t\tstartOnAppear   : false,\n\t\t\t\t\t\tlayersMode      : \"center\",\n\t\t\t\t\t\thideLayers      : false,\n\t\t\t\t\t\tfullscreenMargin: 0,\n\t\t\t\t\t\tspeed           : 20,\n\t\t\t\t\t\tdir             : \"h\",\n\t\t\t\t\t\tparallaxMode    : 'swipe',\n\t\t\t\t\t\tview            : \"basic\"\n\t\t\t\t});\n\n\t\t\t\t\n\t\t\t\twindow.masterslider_instances = window.masterslider_instances || [];\n\t\t\t\twindow.masterslider_instances.push( masterslider_3091 );\n\t\t\t });\n\n\t\t})(jQuery);\n\t\t<\/script>\n\n\n\n\n\n<p><\/p>\n\n\n\n<p>Am 23. Oktober fand ein Gro\u00dfteil des Schultages f\u00fcr die Jahrg\u00e4nge 8 und 9 nicht wie gewohnt in der Anne-Frank-Schule statt, sondern spielte sich im Gemeinschaftszentrum an der Lerchenstra\u00dfe ab.<\/p>\n\n\n\n<p>Dort warteten auf die Sch\u00fcler\/innen schon Paul, Andre und Roman von \u201eStigma e.V.\u201c Auf dem Lehrplan stand f\u00fcr diesen Tag eine umfassende Pr\u00e4ventionsveranstaltung zum Thema: Biografie \u2013 Konsum \u2013 Kompetenz. Paul begr\u00fc\u00dfte die Sch\u00fclerschaft und Roman und Andre stellten den Sch\u00fcler\/innen ihre Lebensbiografie vor. Dabei berichteten die beiden offen und direkt von ihrem Leben, dem Abrutschen in den Konsum von verschiedenen Stoffen und die Ursachen, mit denen diese zu tun haben. Die Sch\u00fcler\/innen lauschten gespannt den Vortr\u00e4gen.<\/p>\n\n\n\n<p>Besonders ruhig wurde es, als Andre aus seinem Buch \u201eShore Stein Papier\u201c vorgelesen hat, wo er auszugsweise sehr detailliert und bildhaft von Momenten aus seinem Konsumleben vorgelesen hat. Neben der eindrucksvollen Reise durch die Biografie von Andre und Roman wurde aber auch Wissen vermittelt und die Wertigkeit jedes einzelnen Menschen herausgestrichen.<\/p>\n\n\n\n<p>Im Anschluss sprachen Andre, Paul und Roman mit den Sch\u00fcler\/innen in Kleingruppen und von Angesicht zu Angesicht, bevor es wieder zur\u00fcck in die Schule ging. Dieser Tag war f\u00fcr alle Klassen des 8. und 9. Jahrganges besonders, da abweichend vom Unterricht in einem spannenden Thema der jugendlichen Alltagswelt Erfahrungsberichte, Gef\u00fchle und reales Erleben von authentischen Menschen transportiert worden ist, die diese Dinge selber erlebt, gef\u00fchlt und sich damit auseinandergesetzt haben.<\/p>\n","protected":false},"excerpt":{"rendered":"<p>Am 23. Oktober fand ein Gro\u00dfteil des Schultages f\u00fcr die Jahrg\u00e4nge 8 und 9 nicht wie gewohnt in der Anne-Frank-Schule statt, sondern spielte sich im Gemeinschaftszentrum an der Lerchenstra\u00dfe ab. Dort warteten auf die Sch\u00fcler\/innen schon Paul, Andre und Roman von \u201eStigma e.V.\u201c Auf dem Lehrplan stand f\u00fcr diesen Tag eine umfassende Pr\u00e4ventionsveranstaltung zum Thema: Biografie \u2013 Konsum \u2013 Kompetenz. Paul begr\u00fc\u00dfte die Sch\u00fclerschaft und Roman und Andre stellten den Sch\u00fcler\/innen ihre Lebensbiografie vor. Dabei berichteten die beiden offen und&#8230;<\/p>\n<p class=\"read-more\"><a class=\"btn btn-default\" href=\"https:\/\/wordpress.nibis.de\/afsos\/lernen-aus-lebenserfahrung\/\">Weiterlesen<span class=\"screen-reader-text\"> Weiterlesen<\/span><\/a><\/p>\n","protected":false},"author":9194233,"featured_media":1423,"comment_status":"closed","ping_status":"closed","sticky":false,"template":"","format":"standard","meta":{"footnotes":""},"categories":[1],"tags":[9],"class_list":["post-1429","post","type-post","status-publish","format-standard","has-post-thumbnail","hentry","category-aktuelles","tag-ausflug"],"_links":{"self":[{"href":"https:\/\/wordpress.nibis.de\/afsos\/wp-json\/wp\/v2\/posts\/1429","targetHints":{"allow":["GET"]}}],"collection":[{"href":"https:\/\/wordpress.nibis.de\/afsos\/wp-json\/wp\/v2\/posts"}],"about":[{"href":"https:\/\/wordpress.nibis.de\/afsos\/wp-json\/wp\/v2\/types\/post"}],"author":[{"embeddable":true,"href":"https:\/\/wordpress.nibis.de\/afsos\/wp-json\/wp\/v2\/users\/9194233"}],"replies":[{"embeddable":true,"href":"https:\/\/wordpress.nibis.de\/afsos\/wp-json\/wp\/v2\/comments?post=1429"}],"version-history":[{"count":4,"href":"https:\/\/wordpress.nibis.de\/afsos\/wp-json\/wp\/v2\/posts\/1429\/revisions"}],"predecessor-version":[{"id":1434,"href":"https:\/\/wordpress.nibis.de\/afsos\/wp-json\/wp\/v2\/posts\/1429\/revisions\/1434"}],"wp:featuredmedia":[{"embeddable":true,"href":"https:\/\/wordpress.nibis.de\/afsos\/wp-json\/wp\/v2\/media\/1423"}],"wp:attachment":[{"href":"https:\/\/wordpress.nibis.de\/afsos\/wp-json\/wp\/v2\/media?parent=1429"}],"wp:term":[{"taxonomy":"category","embeddable":true,"href":"https:\/\/wordpress.nibis.de\/afsos\/wp-json\/wp\/v2\/categories?post=1429"},{"taxonomy":"post_tag","embeddable":true,"href":"https:\/\/wordpress.nibis.de\/afsos\/wp-json\/wp\/v2\/tags?post=1429"}],"curies":[{"name":"wp","href":"https:\/\/api.w.org\/{rel}","templated":true}]}}