{"id":1436,"date":"2024-11-10T16:59:01","date_gmt":"2024-11-10T15:59:01","guid":{"rendered":"https:\/\/wordpress.nibis.de\/afsos\/?p=1436"},"modified":"2025-05-24T13:43:52","modified_gmt":"2025-05-24T11:43:52","slug":"abschied-von-herrn-harald-duesing","status":"publish","type":"post","link":"https:\/\/wordpress.nibis.de\/afsos\/abschied-von-herrn-harald-duesing\/","title":{"rendered":"Abschied von Herrn Harald D\u00fcsing"},"content":{"rendered":"\n<figure class=\"wp-block-image size-full\"><img loading=\"lazy\" decoding=\"async\" width=\"400\" height=\"600\" src=\"https:\/\/wordpress.nibis.de\/afsos\/files\/2024\/11\/Herr-Duesing-1.jpg\" alt=\"\" class=\"wp-image-1435\" srcset=\"https:\/\/wordpress.nibis.de\/afsos\/files\/2024\/11\/Herr-Duesing-1.jpg 400w, https:\/\/wordpress.nibis.de\/afsos\/files\/2024\/11\/Herr-Duesing-1-94x141.jpg 94w\" sizes=\"auto, (max-width: 400px) 100vw, 400px\" \/><\/figure>\n\n\n\n<p>Mit tiefem Bedauern nehmen wir Abschied von unserem langj\u00e4hrigen Kollegen Harald D\u00fcsing, der am 08. Oktober 2024 im Alter von 73 Jahren verstorben ist.<\/p>\n\n\n\n<p>Seit 1979 hat er mit unerm\u00fcdlichem Einsatz die F\u00e4cher Biologie, Chemie und Physik an unserer Schule gepr\u00e4gt und aufgebaut. Viele seiner selbst konstruierten Versuchsaufbauten finden bis heute Anwendung und bereichern den Unterricht.<\/p>\n\n\n\n<p>Herr D\u00fcsing war von Beginn an verantwortlich f\u00fcr den Etat im Finanzausschuss, den er stets gewissenhaft und mit Leidenschaft leitete. Er konnte in seiner jahrzehntelangen T\u00e4tigkeit als zust\u00e4ndige Person f\u00fcr die Kopierger\u00e4te viele Kolleginnen und Kollegen unterst\u00fctzen.<\/p>\n\n\n\n<p>Besonders hervorzuheben ist sein Engagement f\u00fcr die Schlangen und Bartagamen, die er mit Hingabe pflegte, oftmals auch w\u00e4hrend seiner Ferien. Trotz seines eher zur\u00fcckhaltenden Wesens war er stets ein wertvoller Kollege und loyaler Partner.<\/p>\n\n\n\n<p>Wir werden Herr D\u00fcsing als kompetenten und engagierten Kollegen vermissen und ihm ein ehrendes Andenken bewahren. In stillem Gedenken.<\/p>\n","protected":false},"excerpt":{"rendered":"<p>Mit tiefem Bedauern nehmen wir Abschied von unserem langj\u00e4hrigen Kollegen Harald D\u00fcsing, der am 08. Oktober 2024 im Alter von 73 Jahren verstorben ist. Seit 1979 hat er mit unerm\u00fcdlichem Einsatz die F\u00e4cher Biologie, Chemie und Physik an unserer Schule gepr\u00e4gt und aufgebaut. Viele seiner selbst konstruierten Versuchsaufbauten finden bis heute Anwendung und bereichern den Unterricht. Herr D\u00fcsing war von Beginn an verantwortlich f\u00fcr den Etat im Finanzausschuss, den er stets gewissenhaft und mit Leidenschaft leitete. Er konnte in seiner&#8230;<\/p>\n<p class=\"read-more\"><a class=\"btn btn-default\" href=\"https:\/\/wordpress.nibis.de\/afsos\/abschied-von-herrn-harald-duesing\/\">Weiterlesen<span class=\"screen-reader-text\"> Weiterlesen<\/span><\/a><\/p>\n","protected":false},"author":9194233,"featured_media":1435,"comment_status":"closed","ping_status":"closed","sticky":false,"template":"","format":"standard","meta":{"footnotes":""},"categories":[1],"tags":[25],"class_list":["post-1436","post","type-post","status-publish","format-standard","has-post-thumbnail","hentry","category-aktuelles","tag-abschied"],"_links":{"self":[{"href":"https:\/\/wordpress.nibis.de\/afsos\/wp-json\/wp\/v2\/posts\/1436","targetHints":{"allow":["GET"]}}],"collection":[{"href":"https:\/\/wordpress.nibis.de\/afsos\/wp-json\/wp\/v2\/posts"}],"about":[{"href":"https:\/\/wordpress.nibis.de\/afsos\/wp-json\/wp\/v2\/types\/post"}],"author":[{"embeddable":true,"href":"https:\/\/wordpress.nibis.de\/afsos\/wp-json\/wp\/v2\/users\/9194233"}],"replies":[{"embeddable":true,"href":"https:\/\/wordpress.nibis.de\/afsos\/wp-json\/wp\/v2\/comments?post=1436"}],"version-history":[{"count":1,"href":"https:\/\/wordpress.nibis.de\/afsos\/wp-json\/wp\/v2\/posts\/1436\/revisions"}],"predecessor-version":[{"id":1437,"href":"https:\/\/wordpress.nibis.de\/afsos\/wp-json\/wp\/v2\/posts\/1436\/revisions\/1437"}],"wp:featuredmedia":[{"embeddable":true,"href":"https:\/\/wordpress.nibis.de\/afsos\/wp-json\/wp\/v2\/media\/1435"}],"wp:attachment":[{"href":"https:\/\/wordpress.nibis.de\/afsos\/wp-json\/wp\/v2\/media?parent=1436"}],"wp:term":[{"taxonomy":"category","embeddable":true,"href":"https:\/\/wordpress.nibis.de\/afsos\/wp-json\/wp\/v2\/categories?post=1436"},{"taxonomy":"post_tag","embeddable":true,"href":"https:\/\/wordpress.nibis.de\/afsos\/wp-json\/wp\/v2\/tags?post=1436"}],"curies":[{"name":"wp","href":"https:\/\/api.w.org\/{rel}","templated":true}]}}