{"id":2507,"date":"2026-01-08T08:00:00","date_gmt":"2026-01-08T07:00:00","guid":{"rendered":"https:\/\/wordpress.nibis.de\/afsos\/?p=2507"},"modified":"2025-12-11T12:16:42","modified_gmt":"2025-12-11T11:16:42","slug":"buch-lese-club","status":"publish","type":"post","link":"https:\/\/wordpress.nibis.de\/afsos\/buch-lese-club\/","title":{"rendered":"Buch-Lese-Club"},"content":{"rendered":"\n<p class=\"has-medium-font-size\"><strong>Sch\u00fclerInnen des EMA Gymnasium zu Besuch in der 2\/3b<\/strong><\/p>\n\n\n\n<p>Anfang Dezember war es endlich so weit und wir hatten das erste Mal Besuch von vier Sch\u00fclerInnen des Deutsch Leistungskurs vom EMA. Geplant war eine Kooperation im Bereich Lesen und Vorlesen. Die Sch\u00fclerInnen und ihr Lehrer Roland Wagner haben sich im Vorfeld sehr viel M\u00fche gemacht und hatten tolle Sachen f\u00fcr uns vorbereitet. Es gab zwei Angebote, in denen uns die Sch\u00fclerInnen Geschichten von gruseligen Kellern oder sprechenden Tieren vorgelesen haben. Gebannt haben alle Kinder aus unserer Klasse zugeh\u00f6rt. Am Ende gab es sogar noch Lesezeichen, Ausmalbilder und eine Urkunde f\u00fcr jeden der 2\/3a, geschm\u00fcckt vom eigens f\u00fcr unsere Kooperation entworfenen Logo unseres \u201eBuch-Lese-Clubs\u201c. Wir hatten einen tollen Vormittag und freuen uns schon sehr auf die weiteren geplanten Treffen.<\/p>\n\n\n\n<div class=\"wp-block-columns is-layout-flex wp-container-core-columns-is-layout-abceabcf wp-block-columns-is-layout-flex\">\n<div class=\"wp-block-column is-layout-flow wp-block-column-is-layout-flow\">\n<figure class=\"wp-block-image size-full\"><img loading=\"lazy\" decoding=\"async\" width=\"1050\" height=\"788\" src=\"https:\/\/wordpress.nibis.de\/afsos\/files\/2025\/12\/IMG_9786.jpg\" alt=\"\" class=\"wp-image-2509\" srcset=\"https:\/\/wordpress.nibis.de\/afsos\/files\/2025\/12\/IMG_9786.jpg 1050w, https:\/\/wordpress.nibis.de\/afsos\/files\/2025\/12\/IMG_9786-150x113.jpg 150w, https:\/\/wordpress.nibis.de\/afsos\/files\/2025\/12\/IMG_9786-768x576.jpg 768w, https:\/\/wordpress.nibis.de\/afsos\/files\/2025\/12\/IMG_9786-100x75.jpg 100w\" sizes=\"auto, (max-width: 1050px) 100vw, 1050px\" \/><\/figure>\n<\/div>\n\n\n\n<div class=\"wp-block-column is-layout-flow wp-block-column-is-layout-flow\">\n<figure class=\"wp-block-image size-large\"><img loading=\"lazy\" decoding=\"async\" width=\"2016\" height=\"1365\" src=\"https:\/\/wordpress.nibis.de\/afsos\/files\/2025\/12\/IMG_9789-2016x1365.jpg\" alt=\"\" class=\"wp-image-2510\" \/><\/figure>\n<\/div>\n<\/div>\n\n\n\n<div class=\"wp-block-columns is-layout-flex wp-container-core-columns-is-layout-abceabcf wp-block-columns-is-layout-flex\">\n<div class=\"wp-block-column is-layout-flow wp-block-column-is-layout-flow\">\n<figure class=\"wp-block-image size-full\"><img loading=\"lazy\" decoding=\"async\" width=\"1050\" height=\"788\" src=\"https:\/\/wordpress.nibis.de\/afsos\/files\/2025\/12\/IMG_9788-1.jpg\" alt=\"\" class=\"wp-image-2512\" srcset=\"https:\/\/wordpress.nibis.de\/afsos\/files\/2025\/12\/IMG_9788-1.jpg 1050w, https:\/\/wordpress.nibis.de\/afsos\/files\/2025\/12\/IMG_9788-1-150x113.jpg 150w, https:\/\/wordpress.nibis.de\/afsos\/files\/2025\/12\/IMG_9788-1-768x576.jpg 768w, https:\/\/wordpress.nibis.de\/afsos\/files\/2025\/12\/IMG_9788-1-100x75.jpg 100w\" sizes=\"auto, (max-width: 1050px) 100vw, 1050px\" \/><\/figure>\n<\/div>\n\n\n\n<div class=\"wp-block-column is-layout-flow wp-block-column-is-layout-flow\">\n<figure class=\"wp-block-image size-large\"><img loading=\"lazy\" decoding=\"async\" width=\"2016\" height=\"1365\" src=\"https:\/\/wordpress.nibis.de\/afsos\/files\/2026\/01\/IMG_9787-2016x1365.jpg\" alt=\"\" class=\"wp-image-2515\" \/><\/figure>\n<\/div>\n<\/div>\n\n\n\n<p><\/p>\n","protected":false},"excerpt":{"rendered":"<p>Sch\u00fclerInnen des EMA Gymnasium zu Besuch in der 2\/3b Anfang Dezember war es endlich so weit und wir hatten das erste Mal Besuch von vier Sch\u00fclerInnen des Deutsch Leistungskurs vom EMA. Geplant war eine Kooperation im Bereich Lesen und Vorlesen. Die Sch\u00fclerInnen und ihr Lehrer Roland Wagner haben sich im Vorfeld sehr viel M\u00fche gemacht und hatten tolle Sachen f\u00fcr uns vorbereitet. Es gab zwei Angebote, in denen uns die Sch\u00fclerInnen Geschichten von gruseligen Kellern oder sprechenden Tieren vorgelesen haben&#8230;.<\/p>\n<p class=\"read-more\"><a class=\"btn btn-default\" href=\"https:\/\/wordpress.nibis.de\/afsos\/buch-lese-club\/\">Weiterlesen<span class=\"screen-reader-text\"> Weiterlesen<\/span><\/a><\/p>\n","protected":false},"author":9194233,"featured_media":2511,"comment_status":"closed","ping_status":"closed","sticky":false,"template":"","format":"standard","meta":{"footnotes":""},"categories":[1],"tags":[62,20],"class_list":["post-2507","post","type-post","status-publish","format-standard","has-post-thumbnail","hentry","category-aktuelles","tag-buch-lese-club","tag-zusammenarbeit"],"_links":{"self":[{"href":"https:\/\/wordpress.nibis.de\/afsos\/wp-json\/wp\/v2\/posts\/2507","targetHints":{"allow":["GET"]}}],"collection":[{"href":"https:\/\/wordpress.nibis.de\/afsos\/wp-json\/wp\/v2\/posts"}],"about":[{"href":"https:\/\/wordpress.nibis.de\/afsos\/wp-json\/wp\/v2\/types\/post"}],"author":[{"embeddable":true,"href":"https:\/\/wordpress.nibis.de\/afsos\/wp-json\/wp\/v2\/users\/9194233"}],"replies":[{"embeddable":true,"href":"https:\/\/wordpress.nibis.de\/afsos\/wp-json\/wp\/v2\/comments?post=2507"}],"version-history":[{"count":2,"href":"https:\/\/wordpress.nibis.de\/afsos\/wp-json\/wp\/v2\/posts\/2507\/revisions"}],"predecessor-version":[{"id":2516,"href":"https:\/\/wordpress.nibis.de\/afsos\/wp-json\/wp\/v2\/posts\/2507\/revisions\/2516"}],"wp:featuredmedia":[{"embeddable":true,"href":"https:\/\/wordpress.nibis.de\/afsos\/wp-json\/wp\/v2\/media\/2511"}],"wp:attachment":[{"href":"https:\/\/wordpress.nibis.de\/afsos\/wp-json\/wp\/v2\/media?parent=2507"}],"wp:term":[{"taxonomy":"category","embeddable":true,"href":"https:\/\/wordpress.nibis.de\/afsos\/wp-json\/wp\/v2\/categories?post=2507"},{"taxonomy":"post_tag","embeddable":true,"href":"https:\/\/wordpress.nibis.de\/afsos\/wp-json\/wp\/v2\/tags?post=2507"}],"curies":[{"name":"wp","href":"https:\/\/api.w.org\/{rel}","templated":true}]}}