{"id":2580,"date":"2026-01-04T14:52:41","date_gmt":"2026-01-04T13:52:41","guid":{"rendered":"https:\/\/wordpress.nibis.de\/afsos\/?p=2580"},"modified":"2026-01-04T14:52:42","modified_gmt":"2026-01-04T13:52:42","slug":"weihnachtsfeier-2","status":"publish","type":"post","link":"https:\/\/wordpress.nibis.de\/afsos\/weihnachtsfeier-2\/","title":{"rendered":"Weihnachtsfeier"},"content":{"rendered":"\n<div class=\"wp-block-columns is-layout-flex wp-container-core-columns-is-layout-abceabcf wp-block-columns-is-layout-flex\">\n<div class=\"wp-block-column is-layout-flow wp-block-column-is-layout-flow\">\n<figure class=\"wp-block-image size-large\"><img loading=\"lazy\" decoding=\"async\" width=\"1334\" height=\"1365\" src=\"https:\/\/wordpress.nibis.de\/afsos\/files\/2026\/01\/image0023-1334x1365.jpg\" alt=\"\" class=\"wp-image-2582\" \/><\/figure>\n<\/div>\n\n\n\n<div class=\"wp-block-column is-layout-flow wp-block-column-is-layout-flow\">\n<figure class=\"wp-block-image size-large\"><img loading=\"lazy\" decoding=\"async\" width=\"1265\" height=\"1365\" src=\"https:\/\/wordpress.nibis.de\/afsos\/files\/2026\/01\/image0053-1265x1365.jpg\" alt=\"\" class=\"wp-image-2583\" \/><\/figure>\n<\/div>\n<\/div>\n\n\n\n<p>Am letzten Schultag vor den Ferien feierte die Schulgemeinschaft der Anne-Frank-Schule eine wundersch\u00f6ne Weihnachtsfeier mit vielen Lieder und einem bunten Programm. Neben einem Schattentheater, T\u00e4nzen und musikalischen Darbietungen durfte das gemeinsame Singen nicht fehlen.<\/p>\n\n\n\n<figure class=\"wp-block-image size-full\"><img loading=\"lazy\" decoding=\"async\" width=\"1127\" height=\"885\" src=\"https:\/\/wordpress.nibis.de\/afsos\/files\/2026\/01\/image0043.jpg\" alt=\"\" class=\"wp-image-2584\" srcset=\"https:\/\/wordpress.nibis.de\/afsos\/files\/2026\/01\/image0043.jpg 1127w, https:\/\/wordpress.nibis.de\/afsos\/files\/2026\/01\/image0043-150x118.jpg 150w, https:\/\/wordpress.nibis.de\/afsos\/files\/2026\/01\/image0043-768x603.jpg 768w, https:\/\/wordpress.nibis.de\/afsos\/files\/2026\/01\/image0043-100x79.jpg 100w\" sizes=\"auto, (max-width: 1127px) 100vw, 1127px\" \/><\/figure>\n\n\n\n<figure class=\"wp-block-image size-full\"><img loading=\"lazy\" decoding=\"async\" width=\"959\" height=\"738\" src=\"https:\/\/wordpress.nibis.de\/afsos\/files\/2026\/01\/image0033.jpg\" alt=\"\" class=\"wp-image-2585\" srcset=\"https:\/\/wordpress.nibis.de\/afsos\/files\/2026\/01\/image0033.jpg 959w, https:\/\/wordpress.nibis.de\/afsos\/files\/2026\/01\/image0033-150x115.jpg 150w, https:\/\/wordpress.nibis.de\/afsos\/files\/2026\/01\/image0033-768x591.jpg 768w, https:\/\/wordpress.nibis.de\/afsos\/files\/2026\/01\/image0033-100x77.jpg 100w\" sizes=\"auto, (max-width: 959px) 100vw, 959px\" \/><\/figure>\n\n\n\n<p>Wir w\u00fcnschen ALLEN sch\u00f6ne Weihnachtsferien und alles Gute f\u00fcr das Jahr 2026. <\/p>\n\n\n\n<p>Text und Fotos: A. Schreiber <\/p>\n","protected":false},"excerpt":{"rendered":"<p>Am letzten Schultag vor den Ferien feierte die Schulgemeinschaft der Anne-Frank-Schule eine wundersch\u00f6ne Weihnachtsfeier mit vielen Lieder und einem bunten Programm. Neben einem Schattentheater, T\u00e4nzen und musikalischen Darbietungen durfte das gemeinsame Singen nicht fehlen. Wir w\u00fcnschen ALLEN sch\u00f6ne Weihnachtsferien und alles Gute f\u00fcr das Jahr 2026. Text und Fotos: A. Schreiber<\/p>\n","protected":false},"author":9194233,"featured_media":2581,"comment_status":"closed","ping_status":"closed","sticky":false,"template":"","format":"standard","meta":{"footnotes":""},"categories":[1],"tags":[14,15,22],"class_list":["post-2580","post","type-post","status-publish","format-standard","has-post-thumbnail","hentry","category-aktuelles","tag-schulgemeinschaftstreffen","tag-sgt","tag-weihnachten"],"_links":{"self":[{"href":"https:\/\/wordpress.nibis.de\/afsos\/wp-json\/wp\/v2\/posts\/2580","targetHints":{"allow":["GET"]}}],"collection":[{"href":"https:\/\/wordpress.nibis.de\/afsos\/wp-json\/wp\/v2\/posts"}],"about":[{"href":"https:\/\/wordpress.nibis.de\/afsos\/wp-json\/wp\/v2\/types\/post"}],"author":[{"embeddable":true,"href":"https:\/\/wordpress.nibis.de\/afsos\/wp-json\/wp\/v2\/users\/9194233"}],"replies":[{"embeddable":true,"href":"https:\/\/wordpress.nibis.de\/afsos\/wp-json\/wp\/v2\/comments?post=2580"}],"version-history":[{"count":1,"href":"https:\/\/wordpress.nibis.de\/afsos\/wp-json\/wp\/v2\/posts\/2580\/revisions"}],"predecessor-version":[{"id":2586,"href":"https:\/\/wordpress.nibis.de\/afsos\/wp-json\/wp\/v2\/posts\/2580\/revisions\/2586"}],"wp:featuredmedia":[{"embeddable":true,"href":"https:\/\/wordpress.nibis.de\/afsos\/wp-json\/wp\/v2\/media\/2581"}],"wp:attachment":[{"href":"https:\/\/wordpress.nibis.de\/afsos\/wp-json\/wp\/v2\/media?parent=2580"}],"wp:term":[{"taxonomy":"category","embeddable":true,"href":"https:\/\/wordpress.nibis.de\/afsos\/wp-json\/wp\/v2\/categories?post=2580"},{"taxonomy":"post_tag","embeddable":true,"href":"https:\/\/wordpress.nibis.de\/afsos\/wp-json\/wp\/v2\/tags?post=2580"}],"curies":[{"name":"wp","href":"https:\/\/api.w.org\/{rel}","templated":true}]}}