{"id":2594,"date":"2026-01-08T18:37:58","date_gmt":"2026-01-08T17:37:58","guid":{"rendered":"https:\/\/wordpress.nibis.de\/afsos\/?p=2594"},"modified":"2026-01-09T13:30:32","modified_gmt":"2026-01-09T12:30:32","slug":"witterungsbedingter-schulausfall","status":"publish","type":"post","link":"https:\/\/wordpress.nibis.de\/afsos\/witterungsbedingter-schulausfall\/","title":{"rendered":"Witterungsbedingter Schulausfall"},"content":{"rendered":"\n<p>Liebe Sch\u00fcler:innen, Eltern und Erziehungsberechtigte,<\/p>\n\n\n\n<p>f\u00fcr die Stadt Osnabr\u00fcck wurde heute Nachmittag f\u00fcr den morgigen Freitag, den 09.01.2026 witterungsbedingter Schulausfall angeordnet. Einen entsprechender Informationsbrief haben wir Ihnen um ca. 15Uhr zugeschickt.<\/p>\n\n\n\n<p>Weitere Informationen dazu entnehmen sie bitte der Homepage der Stadt Osnabr\u00fcck.<\/p>\n\n\n\n<p>Wir gew\u00e4hrleisten eine Notbetreuung. Sollten Sie diese in Anspruch nehmen m\u00fcssen, kontaktieren Sie uns gerne per Mail (an &#x73;&#x63;&#x68;&#x75;&#108;&#108;&#101;it&#x75;&#x6e;&#x67;&#x73;&#x40;&#97;&#102;&#115;os&#x2e;&#x64;&#x65;). Die Bef\u00f6rderung kann aus gegebenen Anlass nicht gestellt werden, sodass Sie Ihr Kind zu 8:15 Uhr zu uns in die Schule bringen und zum Unterrichtsschluss um 11:35 Uhr wieder abholen m\u00fcssten.<\/p>\n\n\n\n<p>Wir w\u00fcnschen Ihnen trotz der Umst\u00e4nde ein wundersch\u00f6nes winterliches Wochenende!<\/p>\n\n\n\n<p>F\u00fcr Montag, den 12.01.2026 haben wir vom Schultr\u00e4ger bisher keine Informationen. Verfolgen Sie hierzu bitte die \u00f6ffentlichrechtlichen und privaten Rundfunksender, die Digitalangebote der Presse und der Stadt Osnabr\u00fcck sowie Informationen in der Katwarn-App oder dem Verkehrsmanagementzentrale Niedersachsen (<a href=\"https:\/\/www.vmz-niedersachsen.de\/\">Startseite | VMZNDS<\/a>), bei denen Schulausf\u00e4lle sehr zeitnah bekannt gegeben werden.<\/p>\n\n\n\n<p><\/p>\n\n\n\n<p><\/p>\n\n\n\n<p><\/p>\n\n\n\n<p><\/p>\n","protected":false},"excerpt":{"rendered":"<p>Liebe Sch\u00fcler:innen, Eltern und Erziehungsberechtigte, f\u00fcr die Stadt Osnabr\u00fcck wurde heute Nachmittag f\u00fcr den morgigen Freitag, den 09.01.2026 witterungsbedingter Schulausfall angeordnet. Einen entsprechender Informationsbrief haben wir Ihnen um ca. 15Uhr zugeschickt. Weitere Informationen dazu entnehmen sie bitte der Homepage der Stadt Osnabr\u00fcck. Wir gew\u00e4hrleisten eine Notbetreuung. Sollten Sie diese in Anspruch nehmen m\u00fcssen, kontaktieren Sie uns gerne per Mail (an &#x73;&#x63;&#104;&#117;&#108;l&#x65;&#x69;&#x74;&#117;&#110;gs&#x40;&#x61;&#x66;&#115;&#111;s&#x2e;&#x64;&#x65;). Die Bef\u00f6rderung kann aus gegebenen Anlass nicht gestellt werden, sodass Sie Ihr Kind zu 8:15 Uhr zu uns in&#8230;<\/p>\n<p class=\"read-more\"><a class=\"btn btn-default\" href=\"https:\/\/wordpress.nibis.de\/afsos\/witterungsbedingter-schulausfall\/\">Weiterlesen<span class=\"screen-reader-text\"> Weiterlesen<\/span><\/a><\/p>\n","protected":false},"author":9194704,"featured_media":2600,"comment_status":"closed","ping_status":"closed","sticky":false,"template":"","format":"standard","meta":{"footnotes":""},"categories":[1],"tags":[],"class_list":["post-2594","post","type-post","status-publish","format-standard","has-post-thumbnail","hentry","category-aktuelles"],"_links":{"self":[{"href":"https:\/\/wordpress.nibis.de\/afsos\/wp-json\/wp\/v2\/posts\/2594","targetHints":{"allow":["GET"]}}],"collection":[{"href":"https:\/\/wordpress.nibis.de\/afsos\/wp-json\/wp\/v2\/posts"}],"about":[{"href":"https:\/\/wordpress.nibis.de\/afsos\/wp-json\/wp\/v2\/types\/post"}],"author":[{"embeddable":true,"href":"https:\/\/wordpress.nibis.de\/afsos\/wp-json\/wp\/v2\/users\/9194704"}],"replies":[{"embeddable":true,"href":"https:\/\/wordpress.nibis.de\/afsos\/wp-json\/wp\/v2\/comments?post=2594"}],"version-history":[{"count":4,"href":"https:\/\/wordpress.nibis.de\/afsos\/wp-json\/wp\/v2\/posts\/2594\/revisions"}],"predecessor-version":[{"id":2602,"href":"https:\/\/wordpress.nibis.de\/afsos\/wp-json\/wp\/v2\/posts\/2594\/revisions\/2602"}],"wp:featuredmedia":[{"embeddable":true,"href":"https:\/\/wordpress.nibis.de\/afsos\/wp-json\/wp\/v2\/media\/2600"}],"wp:attachment":[{"href":"https:\/\/wordpress.nibis.de\/afsos\/wp-json\/wp\/v2\/media?parent=2594"}],"wp:term":[{"taxonomy":"category","embeddable":true,"href":"https:\/\/wordpress.nibis.de\/afsos\/wp-json\/wp\/v2\/categories?post=2594"},{"taxonomy":"post_tag","embeddable":true,"href":"https:\/\/wordpress.nibis.de\/afsos\/wp-json\/wp\/v2\/tags?post=2594"}],"curies":[{"name":"wp","href":"https:\/\/api.w.org\/{rel}","templated":true}]}}