{"id":2677,"date":"2026-01-23T06:55:15","date_gmt":"2026-01-23T05:55:15","guid":{"rendered":"https:\/\/wordpress.nibis.de\/afsos\/?p=2677"},"modified":"2026-01-23T06:55:16","modified_gmt":"2026-01-23T05:55:16","slug":"witterungsbedingter-schulausfall-2","status":"publish","type":"post","link":"https:\/\/wordpress.nibis.de\/afsos\/witterungsbedingter-schulausfall-2\/","title":{"rendered":"Witterungsbedingter Schulausfall"},"content":{"rendered":"\n<p>Liebe Sch\u00fcler:innen, Eltern und Erziehungsberechtigte,<\/p>\n\n\n\n<p>f\u00fcr die Stadt Osnabr\u00fcck wurde f\u00fcr den heutigen Freitag, den 23.01.2026 witterungsbedingter Schulausfall angeordnet. <\/p>\n\n\n\n<p>Weitere Informationen dazu entnehmen sie bitte der Homepage der Stadt Osnabr\u00fcck.<\/p>\n\n\n\n<p>Wir gew\u00e4hrleisten eine Notbetreuung. Sollten Sie diese in Anspruch nehmen m\u00fcssen, kontaktieren Sie uns gerne per Mail (an &#x73;&#x63;&#x68;&#x75;&#108;&#108;&#101;&#105;tun&#x67;&#x73;&#x40;&#x61;&#x66;&#115;&#111;&#115;&#46;de). Die Bef\u00f6rderung kann aus gegebenen Anlass nicht gestellt werden, sodass Sie Ihr Kind zu 8:15 Uhr zu uns in die Schule bringen und zum Unterrichtsschluss um 11:35 Uhr wieder abholen m\u00fcssten.<\/p>\n\n\n\n<p><\/p>\n","protected":false},"excerpt":{"rendered":"<p>Liebe Sch\u00fcler:innen, Eltern und Erziehungsberechtigte, f\u00fcr die Stadt Osnabr\u00fcck wurde f\u00fcr den heutigen Freitag, den 23.01.2026 witterungsbedingter Schulausfall angeordnet. Weitere Informationen dazu entnehmen sie bitte der Homepage der Stadt Osnabr\u00fcck. Wir gew\u00e4hrleisten eine Notbetreuung. Sollten Sie diese in Anspruch nehmen m\u00fcssen, kontaktieren Sie uns gerne per Mail (an &#x73;&#x63;&#x68;&#117;&#108;le&#x69;&#x74;&#x75;&#110;&#103;s&#64;&#x61;&#x66;&#x73;&#111;&#115;&#46;d&#x65;). Die Bef\u00f6rderung kann aus gegebenen Anlass nicht gestellt werden, sodass Sie Ihr Kind zu 8:15 Uhr zu uns in die Schule bringen und zum Unterrichtsschluss um 11:35 Uhr wieder abholen m\u00fcssten.<\/p>\n","protected":false},"author":9194704,"featured_media":2678,"comment_status":"closed","ping_status":"closed","sticky":false,"template":"","format":"standard","meta":{"footnotes":""},"categories":[1],"tags":[],"class_list":["post-2677","post","type-post","status-publish","format-standard","has-post-thumbnail","hentry","category-aktuelles"],"_links":{"self":[{"href":"https:\/\/wordpress.nibis.de\/afsos\/wp-json\/wp\/v2\/posts\/2677","targetHints":{"allow":["GET"]}}],"collection":[{"href":"https:\/\/wordpress.nibis.de\/afsos\/wp-json\/wp\/v2\/posts"}],"about":[{"href":"https:\/\/wordpress.nibis.de\/afsos\/wp-json\/wp\/v2\/types\/post"}],"author":[{"embeddable":true,"href":"https:\/\/wordpress.nibis.de\/afsos\/wp-json\/wp\/v2\/users\/9194704"}],"replies":[{"embeddable":true,"href":"https:\/\/wordpress.nibis.de\/afsos\/wp-json\/wp\/v2\/comments?post=2677"}],"version-history":[{"count":1,"href":"https:\/\/wordpress.nibis.de\/afsos\/wp-json\/wp\/v2\/posts\/2677\/revisions"}],"predecessor-version":[{"id":2679,"href":"https:\/\/wordpress.nibis.de\/afsos\/wp-json\/wp\/v2\/posts\/2677\/revisions\/2679"}],"wp:featuredmedia":[{"embeddable":true,"href":"https:\/\/wordpress.nibis.de\/afsos\/wp-json\/wp\/v2\/media\/2678"}],"wp:attachment":[{"href":"https:\/\/wordpress.nibis.de\/afsos\/wp-json\/wp\/v2\/media?parent=2677"}],"wp:term":[{"taxonomy":"category","embeddable":true,"href":"https:\/\/wordpress.nibis.de\/afsos\/wp-json\/wp\/v2\/categories?post=2677"},{"taxonomy":"post_tag","embeddable":true,"href":"https:\/\/wordpress.nibis.de\/afsos\/wp-json\/wp\/v2\/tags?post=2677"}],"curies":[{"name":"wp","href":"https:\/\/api.w.org\/{rel}","templated":true}]}}