{"id":2683,"date":"2026-01-29T06:34:41","date_gmt":"2026-01-29T05:34:41","guid":{"rendered":"https:\/\/wordpress.nibis.de\/afsos\/?p=2683"},"modified":"2026-01-29T09:30:30","modified_gmt":"2026-01-29T08:30:30","slug":"erneut-witterungsbedingter-schulausfall","status":"publish","type":"post","link":"https:\/\/wordpress.nibis.de\/afsos\/erneut-witterungsbedingter-schulausfall\/","title":{"rendered":"Erneut witterungsbedingter Schulausfall &amp; Streik im \u00f6ffentlichen Dienst"},"content":{"rendered":"\n<p>Liebe Sch\u00fcler:innen, Eltern und Erziehungsberechtigte,<\/p>\n\n\n\n<p>f\u00fcr die Stadt Osnabr\u00fcck wurde f\u00fcr den heutigen Donnerstag, den 29.01.2026 witterungsbedingter Schulausfall angeordnet.<\/p>\n\n\n\n<p>Weitere Informationen dazu entnehmen sie bitte der Homepage der Stadt Osnabr\u00fcck.<\/p>\n\n\n\n<p>Wir gew\u00e4hrleisten eine Notbetreuung. Sollten Sie diese in Anspruch nehmen m\u00fcssen, kontaktieren Sie uns gerne per Mail (an sc&#104;&#117;&#x6c;&#x6c;&#x65;&#x69;tu&#110;&#103;&#x73;&#x40;&#x61;&#x66;so&#115;&#46;&#100;&#x65;). Die Bef\u00f6rderung kann aus gegebenen Anlass nicht gestellt werden, sodass Sie Ihr Kind zu 8:15 Uhr zu uns in die Schule bringen und zum Unterrichtsschluss um 15:15 Uhr wieder abholen m\u00fcssten.<\/p>\n\n\n\n<p>Dar\u00fcber hinaus finden heute Warnstreiks im \u00f6ffentlichen Dienst statt, von der auch unsere Schule betroffen ist. Eine Vielzahl von Kolleg:innen haben Ihre Arbeit niedergelegt und nehmen am Warnstreik teil.<\/p>\n","protected":false},"excerpt":{"rendered":"<p>Liebe Sch\u00fcler:innen, Eltern und Erziehungsberechtigte, f\u00fcr die Stadt Osnabr\u00fcck wurde f\u00fcr den heutigen Donnerstag, den 29.01.2026 witterungsbedingter Schulausfall angeordnet. Weitere Informationen dazu entnehmen sie bitte der Homepage der Stadt Osnabr\u00fcck. Wir gew\u00e4hrleisten eine Notbetreuung. Sollten Sie diese in Anspruch nehmen m\u00fcssen, kontaktieren Sie uns gerne per Mail (an s&#99;&#x68;&#x75;l&#108;&#101;&#x69;&#x74;u&#110;&#x67;&#x73;&#64;&#97;&#102;&#x73;&#x6f;s&#46;&#x64;&#x65;). Die Bef\u00f6rderung kann aus gegebenen Anlass nicht gestellt werden, sodass Sie Ihr Kind zu 8:15 Uhr zu uns in die Schule bringen und zum Unterrichtsschluss um 15:15 Uhr wieder abholen m\u00fcssten&#8230;.<\/p>\n<p class=\"read-more\"><a class=\"btn btn-default\" href=\"https:\/\/wordpress.nibis.de\/afsos\/erneut-witterungsbedingter-schulausfall\/\">Weiterlesen<span class=\"screen-reader-text\"> Weiterlesen<\/span><\/a><\/p>\n","protected":false},"author":9194704,"featured_media":2687,"comment_status":"closed","ping_status":"closed","sticky":false,"template":"","format":"standard","meta":{"footnotes":""},"categories":[1],"tags":[],"class_list":["post-2683","post","type-post","status-publish","format-standard","has-post-thumbnail","hentry","category-aktuelles"],"_links":{"self":[{"href":"https:\/\/wordpress.nibis.de\/afsos\/wp-json\/wp\/v2\/posts\/2683","targetHints":{"allow":["GET"]}}],"collection":[{"href":"https:\/\/wordpress.nibis.de\/afsos\/wp-json\/wp\/v2\/posts"}],"about":[{"href":"https:\/\/wordpress.nibis.de\/afsos\/wp-json\/wp\/v2\/types\/post"}],"author":[{"embeddable":true,"href":"https:\/\/wordpress.nibis.de\/afsos\/wp-json\/wp\/v2\/users\/9194704"}],"replies":[{"embeddable":true,"href":"https:\/\/wordpress.nibis.de\/afsos\/wp-json\/wp\/v2\/comments?post=2683"}],"version-history":[{"count":2,"href":"https:\/\/wordpress.nibis.de\/afsos\/wp-json\/wp\/v2\/posts\/2683\/revisions"}],"predecessor-version":[{"id":2688,"href":"https:\/\/wordpress.nibis.de\/afsos\/wp-json\/wp\/v2\/posts\/2683\/revisions\/2688"}],"wp:featuredmedia":[{"embeddable":true,"href":"https:\/\/wordpress.nibis.de\/afsos\/wp-json\/wp\/v2\/media\/2687"}],"wp:attachment":[{"href":"https:\/\/wordpress.nibis.de\/afsos\/wp-json\/wp\/v2\/media?parent=2683"}],"wp:term":[{"taxonomy":"category","embeddable":true,"href":"https:\/\/wordpress.nibis.de\/afsos\/wp-json\/wp\/v2\/categories?post=2683"},{"taxonomy":"post_tag","embeddable":true,"href":"https:\/\/wordpress.nibis.de\/afsos\/wp-json\/wp\/v2\/tags?post=2683"}],"curies":[{"name":"wp","href":"https:\/\/api.w.org\/{rel}","templated":true}]}}