{"id":2689,"date":"2026-01-29T23:55:06","date_gmt":"2026-01-29T22:55:06","guid":{"rendered":"https:\/\/wordpress.nibis.de\/afsos\/?p=2689"},"modified":"2026-01-29T23:55:07","modified_gmt":"2026-01-29T22:55:07","slug":"leider-auch-am-freitag-den-30-01-2026-witterungsbedingter-schulausfall","status":"publish","type":"post","link":"https:\/\/wordpress.nibis.de\/afsos\/leider-auch-am-freitag-den-30-01-2026-witterungsbedingter-schulausfall\/","title":{"rendered":"Leider auch am Freitag, den 30.01.2026 witterungsbedingter Schulausfall"},"content":{"rendered":"\n<p>Liebe Sch\u00fcler:innen, Eltern und Erziehungsberechtigte,<\/p>\n\n\n\n<p>f\u00fcr die Stadt Osnabr\u00fcck wurde f\u00fcr den morgigen Freitag, den 30.01.2026 erneut witterungsbedingter Schulausfall angeordnet.<\/p>\n\n\n\n<p>Weitere Informationen dazu entnehmen sie bitte der Homepage der Stadt Osnabr\u00fcck.<\/p>\n\n\n\n<p>Wir gew\u00e4hrleisten eine Notbetreuung. Sollten Sie diese in Anspruch nehmen m\u00fcssen, kontaktieren Sie uns gerne per Mail (an &#x73;&#x63;&#104;u&#x6c;&#x6c;&#x65;&#105;t&#x75;&#x6e;&#x67;&#115;&#64;&#x61;&#x66;&#x73;&#111;s&#x2e;&#x64;&#x65;). Die Bef\u00f6rderung kann aus gegebenen Anlass nicht gestellt werden, sodass Sie Ihr Kind zu 8:15 Uhr zu uns in die Schule bringen und zum Unterrichtsschluss um 10:45 Uhr wieder abholen m\u00fcssten.<\/p>\n\n\n\n<p>Die Zeugnisse erhalten Ihre Kinder nach den Halbjahresferien, am Mittwoch, den 05.02.2026.<\/p>\n\n\n\n<p>Wir m\u00f6chten Sie dar\u00fcber hinaus darauf aufmerksam machen, dass es zeitnah zu weiteren Warnstreik im \u00f6ffentlichen Dienst kommen kann, der sich auch auf die Unterrichtsversorgung bei uns an der Schule auswirken kann.<\/p>\n","protected":false},"excerpt":{"rendered":"<p>Liebe Sch\u00fcler:innen, Eltern und Erziehungsberechtigte, f\u00fcr die Stadt Osnabr\u00fcck wurde f\u00fcr den morgigen Freitag, den 30.01.2026 erneut witterungsbedingter Schulausfall angeordnet. Weitere Informationen dazu entnehmen sie bitte der Homepage der Stadt Osnabr\u00fcck. Wir gew\u00e4hrleisten eine Notbetreuung. Sollten Sie diese in Anspruch nehmen m\u00fcssen, kontaktieren Sie uns gerne per Mail (an &#115;&#x63;&#x68;u&#108;&#x6c;e&#105;&#x74;&#x75;n&#103;&#x73;&#64;&#97;&#x66;&#x73;o&#115;&#x2e;d&#101;). Die Bef\u00f6rderung kann aus gegebenen Anlass nicht gestellt werden, sodass Sie Ihr Kind zu 8:15 Uhr zu uns in die Schule bringen und zum Unterrichtsschluss um 10:45 Uhr wieder abholen&#8230;<\/p>\n<p class=\"read-more\"><a class=\"btn btn-default\" href=\"https:\/\/wordpress.nibis.de\/afsos\/leider-auch-am-freitag-den-30-01-2026-witterungsbedingter-schulausfall\/\">Weiterlesen<span class=\"screen-reader-text\"> Weiterlesen<\/span><\/a><\/p>\n","protected":false},"author":9194704,"featured_media":2690,"comment_status":"closed","ping_status":"closed","sticky":false,"template":"","format":"standard","meta":{"footnotes":""},"categories":[1],"tags":[],"class_list":["post-2689","post","type-post","status-publish","format-standard","has-post-thumbnail","hentry","category-aktuelles"],"_links":{"self":[{"href":"https:\/\/wordpress.nibis.de\/afsos\/wp-json\/wp\/v2\/posts\/2689","targetHints":{"allow":["GET"]}}],"collection":[{"href":"https:\/\/wordpress.nibis.de\/afsos\/wp-json\/wp\/v2\/posts"}],"about":[{"href":"https:\/\/wordpress.nibis.de\/afsos\/wp-json\/wp\/v2\/types\/post"}],"author":[{"embeddable":true,"href":"https:\/\/wordpress.nibis.de\/afsos\/wp-json\/wp\/v2\/users\/9194704"}],"replies":[{"embeddable":true,"href":"https:\/\/wordpress.nibis.de\/afsos\/wp-json\/wp\/v2\/comments?post=2689"}],"version-history":[{"count":1,"href":"https:\/\/wordpress.nibis.de\/afsos\/wp-json\/wp\/v2\/posts\/2689\/revisions"}],"predecessor-version":[{"id":2691,"href":"https:\/\/wordpress.nibis.de\/afsos\/wp-json\/wp\/v2\/posts\/2689\/revisions\/2691"}],"wp:featuredmedia":[{"embeddable":true,"href":"https:\/\/wordpress.nibis.de\/afsos\/wp-json\/wp\/v2\/media\/2690"}],"wp:attachment":[{"href":"https:\/\/wordpress.nibis.de\/afsos\/wp-json\/wp\/v2\/media?parent=2689"}],"wp:term":[{"taxonomy":"category","embeddable":true,"href":"https:\/\/wordpress.nibis.de\/afsos\/wp-json\/wp\/v2\/categories?post=2689"},{"taxonomy":"post_tag","embeddable":true,"href":"https:\/\/wordpress.nibis.de\/afsos\/wp-json\/wp\/v2\/tags?post=2689"}],"curies":[{"name":"wp","href":"https:\/\/api.w.org\/{rel}","templated":true}]}}