{"id":3231,"date":"2026-09-04T08:00:00","date_gmt":"2026-09-04T06:00:00","guid":{"rendered":"https:\/\/wordpress.nibis.de\/afsos\/?p=3231"},"modified":"2026-09-03T11:04:17","modified_gmt":"2026-09-03T09:04:17","slug":"wer-moechte-nicht-mal-einen-riesen-sehen","status":"publish","type":"post","link":"https:\/\/wordpress.nibis.de\/afsos\/wer-moechte-nicht-mal-einen-riesen-sehen\/","title":{"rendered":"Wer m\u00f6chte nicht mal einen Riesen sehen?"},"content":{"rendered":"\n<p class=\"wp-block-paragraph\">&#8230;also wir haben das, die Mitglieder der wiederbelebten AG &#8218;Kulturschnuppern&#8216; unserer Schule f\u00fcr das Schuljahr 2026\/2027. <\/p>\n\n\n\n<figure class=\"wp-block-image size-large\"><img loading=\"lazy\" decoding=\"async\" width=\"1530\" height=\"1365\" src=\"https:\/\/wordpress.nibis.de\/afsos\/files\/2026\/09\/image002-1530x1365.jpg\" alt=\"\" class=\"wp-image-3233\" \/><\/figure>\n\n\n\n<p class=\"wp-block-paragraph\">Am 27.8. hatten wir Gelegenheit diesen am Hauptbahnhof Osnabr\u00fcck in Augenschein zu nehmen. Wow, tats\u00e4chlich alles riesig &#8211; Kopf, H\u00e4nde, Schuhe, einfach ALLES; ein Kunstwerk genialen Ausma\u00dfes.<\/p>\n\n\n\n<figure class=\"wp-block-image size-large\"><img loading=\"lazy\" decoding=\"async\" width=\"1530\" height=\"1365\" src=\"https:\/\/wordpress.nibis.de\/afsos\/files\/2026\/09\/image004-1530x1365.jpg\" alt=\"\" class=\"wp-image-3235\" \/><\/figure>\n\n\n\n<p class=\"wp-block-paragraph\"><br>Der &#8222;Homo Mobilis&#8220; von Stefan Balkenhol wurde durch die Initiative der Stiftung Kunst und Kultur im Rahmen des Projektes &#8218;Station to Station&#8216; also Kunst an Verkehrsknotenpunkten, &#8211; Osnabr\u00fcck steht damit neben ranghohen St\u00e4dten an vierter Stelle &#8211; am 01. Oktober 2025 enth\u00fcllt. <\/p>\n\n\n\n<figure class=\"wp-block-image size-large\"><img loading=\"lazy\" decoding=\"async\" width=\"2040\" height=\"1365\" src=\"https:\/\/wordpress.nibis.de\/afsos\/files\/2026\/09\/image003-2040x1365.jpg\" alt=\"\" class=\"wp-image-3234\" \/><\/figure>\n\n\n\n<p class=\"wp-block-paragraph\">Der beeindruckende, riesige Typ steht auf einem ebenso gro\u00dfen Pedalo und zieht einen beim Herannahen zum Bahnhofsgeb\u00e4ude in seinen Bann!<br>Wir f\u00fchlten uns auf jeden Fall mit sichtlicher Begeisterung, magisch angezogen.<\/p>\n\n\n\n<figure class=\"wp-block-image size-large\"><img loading=\"lazy\" decoding=\"async\" width=\"1530\" height=\"1365\" src=\"https:\/\/wordpress.nibis.de\/afsos\/files\/2026\/09\/image001-1530x1365.jpg\" alt=\"\" class=\"wp-image-3232\" \/><\/figure>\n\n\n\n<p class=\"wp-block-paragraph\">Fotos und Text: M. Schippritt<\/p>\n","protected":false},"excerpt":{"rendered":"<p>&#8230;also wir haben das, die Mitglieder der wiederbelebten AG &#8218;Kulturschnuppern&#8216; unserer Schule f\u00fcr das Schuljahr 2026\/2027. Am 27.8. hatten wir Gelegenheit diesen am Hauptbahnhof Osnabr\u00fcck in Augenschein zu nehmen. Wow, tats\u00e4chlich alles riesig &#8211; Kopf, H\u00e4nde, Schuhe, einfach ALLES; ein Kunstwerk genialen Ausma\u00dfes. Der &#8222;Homo Mobilis&#8220; von Stefan Balkenhol wurde durch die Initiative der Stiftung Kunst und Kultur im Rahmen des Projektes &#8218;Station to Station&#8216; also Kunst an Verkehrsknotenpunkten, &#8211; Osnabr\u00fcck steht damit neben ranghohen St\u00e4dten an vierter Stelle &#8211;&#8230;<\/p>\n<p class=\"read-more\"><a class=\"btn btn-default\" href=\"https:\/\/wordpress.nibis.de\/afsos\/wer-moechte-nicht-mal-einen-riesen-sehen\/\">Weiterlesen<span class=\"screen-reader-text\"> Weiterlesen<\/span><\/a><\/p>\n","protected":false},"author":9194233,"featured_media":3235,"comment_status":"open","ping_status":"open","sticky":false,"template":"","format":"standard","meta":{"footnotes":""},"categories":[1],"tags":[42,9],"class_list":["post-3231","post","type-post","status-publish","format-standard","has-post-thumbnail","hentry","category-aktuelles","tag-ag-kulturschnuppern","tag-ausflug"],"_links":{"self":[{"href":"https:\/\/wordpress.nibis.de\/afsos\/wp-json\/wp\/v2\/posts\/3231","targetHints":{"allow":["GET"]}}],"collection":[{"href":"https:\/\/wordpress.nibis.de\/afsos\/wp-json\/wp\/v2\/posts"}],"about":[{"href":"https:\/\/wordpress.nibis.de\/afsos\/wp-json\/wp\/v2\/types\/post"}],"author":[{"embeddable":true,"href":"https:\/\/wordpress.nibis.de\/afsos\/wp-json\/wp\/v2\/users\/9194233"}],"replies":[{"embeddable":true,"href":"https:\/\/wordpress.nibis.de\/afsos\/wp-json\/wp\/v2\/comments?post=3231"}],"version-history":[{"count":1,"href":"https:\/\/wordpress.nibis.de\/afsos\/wp-json\/wp\/v2\/posts\/3231\/revisions"}],"predecessor-version":[{"id":3236,"href":"https:\/\/wordpress.nibis.de\/afsos\/wp-json\/wp\/v2\/posts\/3231\/revisions\/3236"}],"wp:featuredmedia":[{"embeddable":true,"href":"https:\/\/wordpress.nibis.de\/afsos\/wp-json\/wp\/v2\/media\/3235"}],"wp:attachment":[{"href":"https:\/\/wordpress.nibis.de\/afsos\/wp-json\/wp\/v2\/media?parent=3231"}],"wp:term":[{"taxonomy":"category","embeddable":true,"href":"https:\/\/wordpress.nibis.de\/afsos\/wp-json\/wp\/v2\/categories?post=3231"},{"taxonomy":"post_tag","embeddable":true,"href":"https:\/\/wordpress.nibis.de\/afsos\/wp-json\/wp\/v2\/tags?post=3231"}],"curies":[{"name":"wp","href":"https:\/\/api.w.org\/{rel}","templated":true}]}}