{"id":1487,"date":"2024-08-02T16:20:46","date_gmt":"2024-08-02T14:20:46","guid":{"rendered":"https:\/\/wordpress.nibis.de\/ass-go\/?p=1487"},"modified":"2024-09-02T15:38:48","modified_gmt":"2024-09-02T13:38:48","slug":"02-08-2024-wenn-die-feuerwehr-anrueckt","status":"publish","type":"post","link":"https:\/\/wordpress.nibis.de\/ass-go\/02-08-2024-wenn-die-feuerwehr-anrueckt\/","title":{"rendered":"02.08.2024 Wenn die Feuerwehr anr\u00fcckt\u2026"},"content":{"rendered":"\n<p>\u2026..dann wird es hei\u00df! <\/p>\n\n\n\n<div class=\"wp-block-image is-style-rounded\"><figure class=\"aligncenter size-full is-resized\"><img loading=\"lazy\" decoding=\"async\" src=\"https:\/\/wordpress.nibis.de\/ass-go\/files\/2024\/08\/PHOTO-2024-08-02-16-27-30.jpeg\" alt=\"\" class=\"wp-image-1490\" width=\"352\" height=\"264\" srcset=\"https:\/\/wordpress.nibis.de\/ass-go\/files\/2024\/08\/PHOTO-2024-08-02-16-27-30.jpeg 800w, https:\/\/wordpress.nibis.de\/ass-go\/files\/2024\/08\/PHOTO-2024-08-02-16-27-30-300x225.jpeg 300w, https:\/\/wordpress.nibis.de\/ass-go\/files\/2024\/08\/PHOTO-2024-08-02-16-27-30-768x576.jpeg 768w\" sizes=\"auto, (max-width: 352px) 100vw, 352px\" \/><\/figure><\/div>\n\n\n\n<p>Heute hat das Team der ASS in Zusammenarbeit mit der Ortsfeuerwehr Gro\u00dfgoltern eine umfassende Brandbek\u00e4mpfungs\u00fcbung durchgef\u00fchrt. Diese \u00dcbung war ein wichtiger Schritt, um die Sicherheit an unserer Schule weiter zu verbessern und das gesamte Team f\u00fcr den Ernstfall zu schulen.<\/p>\n\n\n\n<div class=\"wp-block-image is-style-rounded\"><figure class=\"aligncenter size-full is-resized\"><img loading=\"lazy\" decoding=\"async\" src=\"https:\/\/wordpress.nibis.de\/ass-go\/files\/2024\/08\/PHOTO-2024-08-02-16-27-30-1.jpeg\" alt=\"\" class=\"wp-image-1491\" width=\"415\" height=\"240\" srcset=\"https:\/\/wordpress.nibis.de\/ass-go\/files\/2024\/08\/PHOTO-2024-08-02-16-27-30-1.jpeg 800w, https:\/\/wordpress.nibis.de\/ass-go\/files\/2024\/08\/PHOTO-2024-08-02-16-27-30-1-300x174.jpeg 300w, https:\/\/wordpress.nibis.de\/ass-go\/files\/2024\/08\/PHOTO-2024-08-02-16-27-30-1-768x445.jpeg 768w\" sizes=\"auto, (max-width: 415px) 100vw, 415px\" \/><\/figure><\/div>\n\n\n\n<p><strong>Praktische Einweisung und Feuerl\u00f6scher-Training<\/strong><\/p>\n\n\n\n<p>Unter der fachkundigen Anleitung der Ortsfeuerwehr erhielt das Team eine gr\u00fcndliche Einweisung in die Grundlagen der Brandbek\u00e4mpfung. Ein besonderes Highlight der \u00dcbung war, dass jeder die Gelegenheit hatte, einen Feuerl\u00f6scher selbst zu bet\u00e4tigen. Dies erm\u00f6glichte im sicheren Rahmen die Handhabung verschiedener Feuerl\u00f6scherarten zu \u00fcben und praktische Erfahrungen zu sammeln.<\/p>\n\n\n\n<div class=\"wp-block-image is-style-rounded\"><figure class=\"aligncenter size-full is-resized\"><img loading=\"lazy\" decoding=\"async\" src=\"https:\/\/wordpress.nibis.de\/ass-go\/files\/2024\/08\/PHOTO-2024-08-02-16-27-30-2.jpeg\" alt=\"\" class=\"wp-image-1492\" width=\"440\" height=\"587\" srcset=\"https:\/\/wordpress.nibis.de\/ass-go\/files\/2024\/08\/PHOTO-2024-08-02-16-27-30-2.jpeg 600w, https:\/\/wordpress.nibis.de\/ass-go\/files\/2024\/08\/PHOTO-2024-08-02-16-27-30-2-225x300.jpeg 225w\" sizes=\"auto, (max-width: 440px) 100vw, 440px\" \/><\/figure><\/div>\n\n\n\n<p>Wir bedanken uns ganz herzlich bei der Ortsfeuerwehr, f\u00fcr diesen besonderen Tag.  <\/p>\n\n\n\n<p><\/p>\n","protected":false},"excerpt":{"rendered":"<p>\u2026..dann wird es hei\u00df! Heute hat das Team der ASS in Zusammenarbeit mit der Ortsfeuerwehr Gro\u00dfgoltern eine umfassende Brandbek\u00e4mpfungs\u00fcbung durchgef\u00fchrt. Diese \u00dcbung war ein wichtiger Schritt, um die Sicherheit an unserer Schule weiter zu verbessern und das gesamte Team f\u00fcr den Ernstfall zu schulen. Praktische Einweisung und Feuerl\u00f6scher-Training Unter der fachkundigen Anleitung der Ortsfeuerwehr erhielt &hellip; <a href=\"https:\/\/wordpress.nibis.de\/ass-go\/02-08-2024-wenn-die-feuerwehr-anrueckt\/\" class=\"more-link\"><span class=\"screen-reader-text\">02.08.2024 Wenn die Feuerwehr anr\u00fcckt\u2026<\/span> weiterlesen<\/a><\/p>\n","protected":false},"author":9194276,"featured_media":0,"comment_status":"closed","ping_status":"closed","sticky":false,"template":"","format":"standard","meta":{"footnotes":""},"categories":[13],"tags":[],"class_list":["post-1487","post","type-post","status-publish","format-standard","hentry","category-aktuelle-2024-2025"],"_links":{"self":[{"href":"https:\/\/wordpress.nibis.de\/ass-go\/wp-json\/wp\/v2\/posts\/1487","targetHints":{"allow":["GET"]}}],"collection":[{"href":"https:\/\/wordpress.nibis.de\/ass-go\/wp-json\/wp\/v2\/posts"}],"about":[{"href":"https:\/\/wordpress.nibis.de\/ass-go\/wp-json\/wp\/v2\/types\/post"}],"author":[{"embeddable":true,"href":"https:\/\/wordpress.nibis.de\/ass-go\/wp-json\/wp\/v2\/users\/9194276"}],"replies":[{"embeddable":true,"href":"https:\/\/wordpress.nibis.de\/ass-go\/wp-json\/wp\/v2\/comments?post=1487"}],"version-history":[{"count":6,"href":"https:\/\/wordpress.nibis.de\/ass-go\/wp-json\/wp\/v2\/posts\/1487\/revisions"}],"predecessor-version":[{"id":1530,"href":"https:\/\/wordpress.nibis.de\/ass-go\/wp-json\/wp\/v2\/posts\/1487\/revisions\/1530"}],"wp:attachment":[{"href":"https:\/\/wordpress.nibis.de\/ass-go\/wp-json\/wp\/v2\/media?parent=1487"}],"wp:term":[{"taxonomy":"category","embeddable":true,"href":"https:\/\/wordpress.nibis.de\/ass-go\/wp-json\/wp\/v2\/categories?post=1487"},{"taxonomy":"post_tag","embeddable":true,"href":"https:\/\/wordpress.nibis.de\/ass-go\/wp-json\/wp\/v2\/tags?post=1487"}],"curies":[{"name":"wp","href":"https:\/\/api.w.org\/{rel}","templated":true}]}}