{"id":1542,"date":"2024-09-12T16:59:37","date_gmt":"2024-09-12T14:59:37","guid":{"rendered":"https:\/\/wordpress.nibis.de\/ass-go\/?p=1542"},"modified":"2024-09-17T11:00:07","modified_gmt":"2024-09-17T09:00:07","slug":"10-08-2024-pausenhelfer-ausbildung","status":"publish","type":"post","link":"https:\/\/wordpress.nibis.de\/ass-go\/10-08-2024-pausenhelfer-ausbildung\/","title":{"rendered":"10.08.2024 Pausenhelfer-Ausbildung"},"content":{"rendered":"\n<p><strong>Unsere Sch\u00fcler lernen Erste Hilfe mit dem ASB<\/strong><\/p>\n\n\n\n<p>In Zusammenarbeit mit dem Arbeiter-Samariter-Bund (ASB) wurden unsere Sch\u00fclerinnen und Sch\u00fcler des dritten Jahrgangs zu Pausenhelfern ausgebildet. Ziel dieser Ausbildung war es, die Kinder auf Notfallsituationen vorzubereiten und ihnen das n\u00f6tige Wissen und die Fertigkeiten zu vermitteln, um im Schulalltag sicher und selbstbewusst Hilfe leisten zu k\u00f6nnen.<\/p>\n\n\n\n<p><strong>Wichtige Lerninhalte der Ausbildung<\/strong><\/p>\n\n\n\n<ul class=\"wp-block-list\"><li><strong><\/strong><strong>Hilfe richtig rufen:<\/strong> Sie \u00fcbten, wie man in Notsituationen richtig um Hilfe ruft und klar kommuniziert, um schnelle Unterst\u00fctzung zu erhalten.<\/li><li><strong><\/strong><strong>Versorgung von Verletzungen:<\/strong> Den Kindern wurde gezeigt, welche Arten von Verletzungen wie versorgt werden, von kleinen Kratzern bis hin zu leichten Schnittwunden.<\/li><li><strong><\/strong><strong>Wann man den Rettungswagen ruft:<\/strong> Die Sch\u00fclerinnen und Sch\u00fcler lernten, wann es n\u00f6tig ist, professionelle Hilfe zu holen und einen Rettungswagen zu rufen.<\/li><\/ul>\n\n\n\n<p><strong>Praktische \u00dcbungen: Pflaster und Verb\u00e4nde richtig anlegen<\/strong><\/p>\n\n\n\n<div class=\"wp-block-image is-style-rounded\"><figure class=\"aligncenter size-large is-resized\"><img loading=\"lazy\" decoding=\"async\" src=\"https:\/\/wordpress.nibis.de\/ass-go\/files\/2024\/09\/IMG_0889-768x1024.jpeg\" alt=\"\" class=\"wp-image-1543\" width=\"376\" height=\"502\" srcset=\"https:\/\/wordpress.nibis.de\/ass-go\/files\/2024\/09\/IMG_0889-768x1024.jpeg 768w, https:\/\/wordpress.nibis.de\/ass-go\/files\/2024\/09\/IMG_0889-225x300.jpeg 225w, https:\/\/wordpress.nibis.de\/ass-go\/files\/2024\/09\/IMG_0889-1152x1536.jpeg 1152w, https:\/\/wordpress.nibis.de\/ass-go\/files\/2024\/09\/IMG_0889-1536x2048.jpeg 1536w, https:\/\/wordpress.nibis.de\/ass-go\/files\/2024\/09\/IMG_0889-scaled.jpeg 1920w\" sizes=\"auto, (max-width: 376px) 100vw, 376px\" \/><figcaption>Das schaut doch richtig gut aus.<\/figcaption><\/figure><\/div>\n\n\n\n<p>Ein wesentlicher Teil der Ausbildung bestand aus praktischen \u00dcbungen. Hierbei konnten die Pausenhelfer unter Anleitung \u00fcben, wie man Pflaster und Verb\u00e4nde korrekt anlegt. Dies st\u00e4rkte nicht nur ihr Wissen, sondern auch ihr Selbstvertrauen, im Ernstfall richtig zu handeln. Die Sch\u00fclerinnen und Sch\u00fcler waren begeistert, diese wichtigen Techniken selbst auszuprobieren und sicherzustellen, dass sie f\u00fcr den Pausendienst gut vorbereitet sind.<\/p>\n\n\n\n<p><strong>Pausenhelfer als Unterst\u00fctzung im Schulalltag<\/strong><\/p>\n\n\n\n<p>Mit ihrer neuen Ausbildung tragen unsere Pausenhelfer aktiv dazu bei, eine sichere und unterst\u00fctzende Umgebung in den Pausen zu schaffen. Sie sind nun in der Lage, ihren Mitsch\u00fclerinnen und Mitsch\u00fclern bei kleinen Verletzungen zu helfen und in Notfallsituationen ruhig und \u00fcberlegt zu reagieren.<\/p>\n\n\n\n<p><strong>Wir danken dem ASB f\u00fcr die tolle Unterst\u00fctzung und sind stolz auf unsere frisch ausgebildeten Pausenhelfer!<\/strong><\/p>\n\n\n\n<div class=\"wp-block-image is-style-rounded\"><figure class=\"aligncenter size-large\"><img loading=\"lazy\" decoding=\"async\" width=\"1024\" height=\"768\" src=\"https:\/\/wordpress.nibis.de\/ass-go\/files\/2024\/09\/IMG_4557-1024x768.jpeg\" alt=\"\" class=\"wp-image-1546\" srcset=\"https:\/\/wordpress.nibis.de\/ass-go\/files\/2024\/09\/IMG_4557-1024x768.jpeg 1024w, https:\/\/wordpress.nibis.de\/ass-go\/files\/2024\/09\/IMG_4557-300x225.jpeg 300w, https:\/\/wordpress.nibis.de\/ass-go\/files\/2024\/09\/IMG_4557-768x576.jpeg 768w, https:\/\/wordpress.nibis.de\/ass-go\/files\/2024\/09\/IMG_4557-1536x1152.jpeg 1536w, https:\/\/wordpress.nibis.de\/ass-go\/files\/2024\/09\/IMG_4557-2048x1536.jpeg 2048w\" sizes=\"auto, (max-width: 1024px) 100vw, 1024px\" \/><figcaption>-So gut ausgestattet, kann nichts mehr schief gehen-<\/figcaption><\/figure><\/div>\n","protected":false},"excerpt":{"rendered":"<p>Unsere Sch\u00fcler lernen Erste Hilfe mit dem ASB In Zusammenarbeit mit dem Arbeiter-Samariter-Bund (ASB) wurden unsere Sch\u00fclerinnen und Sch\u00fcler des dritten Jahrgangs zu Pausenhelfern ausgebildet. Ziel dieser Ausbildung war es, die Kinder auf Notfallsituationen vorzubereiten und ihnen das n\u00f6tige Wissen und die Fertigkeiten zu vermitteln, um im Schulalltag sicher und selbstbewusst Hilfe leisten zu k\u00f6nnen. &hellip; <a href=\"https:\/\/wordpress.nibis.de\/ass-go\/10-08-2024-pausenhelfer-ausbildung\/\" class=\"more-link\"><span class=\"screen-reader-text\">10.08.2024 Pausenhelfer-Ausbildung<\/span> weiterlesen<\/a><\/p>\n","protected":false},"author":9194276,"featured_media":0,"comment_status":"closed","ping_status":"closed","sticky":false,"template":"","format":"standard","meta":{"footnotes":""},"categories":[13],"tags":[],"class_list":["post-1542","post","type-post","status-publish","format-standard","hentry","category-aktuelle-2024-2025"],"_links":{"self":[{"href":"https:\/\/wordpress.nibis.de\/ass-go\/wp-json\/wp\/v2\/posts\/1542","targetHints":{"allow":["GET"]}}],"collection":[{"href":"https:\/\/wordpress.nibis.de\/ass-go\/wp-json\/wp\/v2\/posts"}],"about":[{"href":"https:\/\/wordpress.nibis.de\/ass-go\/wp-json\/wp\/v2\/types\/post"}],"author":[{"embeddable":true,"href":"https:\/\/wordpress.nibis.de\/ass-go\/wp-json\/wp\/v2\/users\/9194276"}],"replies":[{"embeddable":true,"href":"https:\/\/wordpress.nibis.de\/ass-go\/wp-json\/wp\/v2\/comments?post=1542"}],"version-history":[{"count":3,"href":"https:\/\/wordpress.nibis.de\/ass-go\/wp-json\/wp\/v2\/posts\/1542\/revisions"}],"predecessor-version":[{"id":1547,"href":"https:\/\/wordpress.nibis.de\/ass-go\/wp-json\/wp\/v2\/posts\/1542\/revisions\/1547"}],"wp:attachment":[{"href":"https:\/\/wordpress.nibis.de\/ass-go\/wp-json\/wp\/v2\/media?parent=1542"}],"wp:term":[{"taxonomy":"category","embeddable":true,"href":"https:\/\/wordpress.nibis.de\/ass-go\/wp-json\/wp\/v2\/categories?post=1542"},{"taxonomy":"post_tag","embeddable":true,"href":"https:\/\/wordpress.nibis.de\/ass-go\/wp-json\/wp\/v2\/tags?post=1542"}],"curies":[{"name":"wp","href":"https:\/\/api.w.org\/{rel}","templated":true}]}}