{"id":1548,"date":"2024-09-13T14:52:27","date_gmt":"2024-09-13T12:52:27","guid":{"rendered":"https:\/\/wordpress.nibis.de\/ass-go\/?p=1548"},"modified":"2024-09-17T10:56:47","modified_gmt":"2024-09-17T08:56:47","slug":"13-09-2024-die-pausenhalle-erstrahlt-in-neuem-glanz","status":"publish","type":"post","link":"https:\/\/wordpress.nibis.de\/ass-go\/13-09-2024-die-pausenhalle-erstrahlt-in-neuem-glanz\/","title":{"rendered":"13.09.2024 Die Pausenhalle erstrahlt in neuem Glanz"},"content":{"rendered":"\n<p>Unsere Pausenhalle erstrahlt in neuem Glanz! <\/p>\n\n\n\n<div class=\"wp-block-image is-style-rounded\"><figure class=\"aligncenter size-large\"><img loading=\"lazy\" decoding=\"async\" width=\"1024\" height=\"768\" src=\"https:\/\/wordpress.nibis.de\/ass-go\/files\/2024\/09\/IMG_0301-1024x768.jpeg\" alt=\"\" class=\"wp-image-1553\" srcset=\"https:\/\/wordpress.nibis.de\/ass-go\/files\/2024\/09\/IMG_0301-1024x768.jpeg 1024w, https:\/\/wordpress.nibis.de\/ass-go\/files\/2024\/09\/IMG_0301-300x225.jpeg 300w, https:\/\/wordpress.nibis.de\/ass-go\/files\/2024\/09\/IMG_0301-768x576.jpeg 768w, https:\/\/wordpress.nibis.de\/ass-go\/files\/2024\/09\/IMG_0301-1536x1152.jpeg 1536w, https:\/\/wordpress.nibis.de\/ass-go\/files\/2024\/09\/IMG_0301-2048x1536.jpeg 2048w\" sizes=\"auto, (max-width: 1024px) 100vw, 1024px\" \/><\/figure><\/div>\n\n\n\n<p>Mit viel Engagement und Unterst\u00fctzung von einzelnen Eltern, Gro\u00dfeltern und dem F\u00f6rderverein wurde sie liebevoll umgestaltet. Es wurden kuschelige Kissen gen\u00e4ht, Trennelemente und Stellw\u00e4nde als Raumteiler und Schallschutz gezimmert, um eine einladende und angenehme Atmosph\u00e4re f\u00fcr unsere Sch\u00fclerinnen und Sch\u00fcler zu schaffen. In harmonischen Farben gehalten, bietet die Pausenhalle nun einen gem\u00fctlichen R\u00fcckzugsort, an dem sich alle wohlf\u00fchlen k\u00f6nnen. <\/p>\n\n\n\n<p>Ein gro\u00dfes Dankesch\u00f6n geht an Frau Ringling, Familie Dohrmann, Herrn Schasse und unseren F\u00f6rderverein.<\/p>\n\n\n\n<div class=\"wp-block-image is-style-rounded\"><figure class=\"alignleft size-large is-resized\"><img loading=\"lazy\" decoding=\"async\" src=\"https:\/\/wordpress.nibis.de\/ass-go\/files\/2024\/09\/IMG_0302-1-1024x768.jpeg\" alt=\"\" class=\"wp-image-1554\" width=\"265\" height=\"199\" srcset=\"https:\/\/wordpress.nibis.de\/ass-go\/files\/2024\/09\/IMG_0302-1-1024x768.jpeg 1024w, https:\/\/wordpress.nibis.de\/ass-go\/files\/2024\/09\/IMG_0302-1-300x225.jpeg 300w, https:\/\/wordpress.nibis.de\/ass-go\/files\/2024\/09\/IMG_0302-1-768x576.jpeg 768w, https:\/\/wordpress.nibis.de\/ass-go\/files\/2024\/09\/IMG_0302-1-1536x1152.jpeg 1536w, https:\/\/wordpress.nibis.de\/ass-go\/files\/2024\/09\/IMG_0302-1-2048x1536.jpeg 2048w\" sizes=\"auto, (max-width: 265px) 100vw, 265px\" \/><\/figure><\/div>\n\n\n\n<div class=\"wp-block-image is-style-rounded\"><figure class=\"alignleft size-large is-resized\"><img loading=\"lazy\" decoding=\"async\" src=\"https:\/\/wordpress.nibis.de\/ass-go\/files\/2024\/09\/IMG_0303-1024x768.jpeg\" alt=\"\" class=\"wp-image-1555\" width=\"265\" height=\"199\" srcset=\"https:\/\/wordpress.nibis.de\/ass-go\/files\/2024\/09\/IMG_0303-1024x768.jpeg 1024w, https:\/\/wordpress.nibis.de\/ass-go\/files\/2024\/09\/IMG_0303-300x225.jpeg 300w, https:\/\/wordpress.nibis.de\/ass-go\/files\/2024\/09\/IMG_0303-768x576.jpeg 768w, https:\/\/wordpress.nibis.de\/ass-go\/files\/2024\/09\/IMG_0303-1536x1152.jpeg 1536w, https:\/\/wordpress.nibis.de\/ass-go\/files\/2024\/09\/IMG_0303-2048x1536.jpeg 2048w\" sizes=\"auto, (max-width: 265px) 100vw, 265px\" \/><\/figure><\/div>\n","protected":false},"excerpt":{"rendered":"<p>Unsere Pausenhalle erstrahlt in neuem Glanz! Mit viel Engagement und Unterst\u00fctzung von einzelnen Eltern, Gro\u00dfeltern und dem F\u00f6rderverein wurde sie liebevoll umgestaltet. Es wurden kuschelige Kissen gen\u00e4ht, Trennelemente und Stellw\u00e4nde als Raumteiler und Schallschutz gezimmert, um eine einladende und angenehme Atmosph\u00e4re f\u00fcr unsere Sch\u00fclerinnen und Sch\u00fcler zu schaffen. In harmonischen Farben gehalten, bietet die Pausenhalle &hellip; <a href=\"https:\/\/wordpress.nibis.de\/ass-go\/13-09-2024-die-pausenhalle-erstrahlt-in-neuem-glanz\/\" class=\"more-link\"><span class=\"screen-reader-text\">13.09.2024 Die Pausenhalle erstrahlt in neuem Glanz<\/span> weiterlesen<\/a><\/p>\n","protected":false},"author":9194276,"featured_media":0,"comment_status":"closed","ping_status":"closed","sticky":false,"template":"","format":"standard","meta":{"footnotes":""},"categories":[13],"tags":[],"class_list":["post-1548","post","type-post","status-publish","format-standard","hentry","category-aktuelle-2024-2025"],"_links":{"self":[{"href":"https:\/\/wordpress.nibis.de\/ass-go\/wp-json\/wp\/v2\/posts\/1548","targetHints":{"allow":["GET"]}}],"collection":[{"href":"https:\/\/wordpress.nibis.de\/ass-go\/wp-json\/wp\/v2\/posts"}],"about":[{"href":"https:\/\/wordpress.nibis.de\/ass-go\/wp-json\/wp\/v2\/types\/post"}],"author":[{"embeddable":true,"href":"https:\/\/wordpress.nibis.de\/ass-go\/wp-json\/wp\/v2\/users\/9194276"}],"replies":[{"embeddable":true,"href":"https:\/\/wordpress.nibis.de\/ass-go\/wp-json\/wp\/v2\/comments?post=1548"}],"version-history":[{"count":8,"href":"https:\/\/wordpress.nibis.de\/ass-go\/wp-json\/wp\/v2\/posts\/1548\/revisions"}],"predecessor-version":[{"id":1562,"href":"https:\/\/wordpress.nibis.de\/ass-go\/wp-json\/wp\/v2\/posts\/1548\/revisions\/1562"}],"wp:attachment":[{"href":"https:\/\/wordpress.nibis.de\/ass-go\/wp-json\/wp\/v2\/media?parent=1548"}],"wp:term":[{"taxonomy":"category","embeddable":true,"href":"https:\/\/wordpress.nibis.de\/ass-go\/wp-json\/wp\/v2\/categories?post=1548"},{"taxonomy":"post_tag","embeddable":true,"href":"https:\/\/wordpress.nibis.de\/ass-go\/wp-json\/wp\/v2\/tags?post=1548"}],"curies":[{"name":"wp","href":"https:\/\/api.w.org\/{rel}","templated":true}]}}