{"id":1596,"date":"2024-09-29T13:45:50","date_gmt":"2024-09-29T11:45:50","guid":{"rendered":"https:\/\/wordpress.nibis.de\/ass-go\/?p=1596"},"modified":"2024-10-22T13:10:39","modified_gmt":"2024-10-22T11:10:39","slug":"24-09-2024-besuch-der-oekostation-apfelmosterei","status":"publish","type":"post","link":"https:\/\/wordpress.nibis.de\/ass-go\/24-09-2024-besuch-der-oekostation-apfelmosterei\/","title":{"rendered":"24.09.2024 Besuch der \u00d6kostation &#8211; Apfelmosterei"},"content":{"rendered":"\n<p><\/p>\n\n\n\n<p><strong>Besuch der \u00d6kostation Deister-Vorland \u2013 Apfelmosterei hautnah erleben!<\/strong><\/p>\n\n\n\n<p>Am 24. September besuchte der 2. Jahrgang der ASS im Rahmen der Sachunterrichtseinheit \u201eApfel\u201c die \u00d6kostation Deister-Vorland in Goltern. Hier hatten die Kinder die Gelegenheit, den Weg vom Apfel bis zum fertigen Apfelsaft Schritt f\u00fcr Schritt mitzuerleben.<\/p>\n\n\n\n<div class=\"wp-block-image is-style-rounded\"><figure class=\"alignleft size-large is-resized\"><img loading=\"lazy\" decoding=\"async\" src=\"https:\/\/wordpress.nibis.de\/ass-go\/files\/2024\/09\/IMG_0204-768x1024.jpeg\" alt=\"\" class=\"wp-image-1597\" width=\"205\" height=\"273\" srcset=\"https:\/\/wordpress.nibis.de\/ass-go\/files\/2024\/09\/IMG_0204-768x1024.jpeg 768w, https:\/\/wordpress.nibis.de\/ass-go\/files\/2024\/09\/IMG_0204-225x300.jpeg 225w, https:\/\/wordpress.nibis.de\/ass-go\/files\/2024\/09\/IMG_0204-1152x1536.jpeg 1152w, https:\/\/wordpress.nibis.de\/ass-go\/files\/2024\/09\/IMG_0204-1536x2048.jpeg 1536w, https:\/\/wordpress.nibis.de\/ass-go\/files\/2024\/09\/IMG_0204-scaled.jpeg 1920w\" sizes=\"auto, (max-width: 205px) 100vw, 205px\" \/><\/figure><\/div>\n\n\n\n<div class=\"wp-block-image is-style-rounded\"><figure class=\"alignleft size-large is-resized\"><img loading=\"lazy\" decoding=\"async\" src=\"https:\/\/wordpress.nibis.de\/ass-go\/files\/2024\/09\/IMG_0202-768x1024.jpeg\" alt=\"\" class=\"wp-image-1598\" width=\"208\" height=\"278\" srcset=\"https:\/\/wordpress.nibis.de\/ass-go\/files\/2024\/09\/IMG_0202-768x1024.jpeg 768w, https:\/\/wordpress.nibis.de\/ass-go\/files\/2024\/09\/IMG_0202-225x300.jpeg 225w, https:\/\/wordpress.nibis.de\/ass-go\/files\/2024\/09\/IMG_0202-1152x1536.jpeg 1152w, https:\/\/wordpress.nibis.de\/ass-go\/files\/2024\/09\/IMG_0202-1536x2048.jpeg 1536w, https:\/\/wordpress.nibis.de\/ass-go\/files\/2024\/09\/IMG_0202-scaled.jpeg 1920w\" sizes=\"auto, (max-width: 208px) 100vw, 208px\" \/><\/figure><\/div>\n\n\n\n<p>In der Kindermosterei wurden zun\u00e4chst die \u00c4pfel gewaschen und gesch\u00e4lt. Anschlie\u00dfend zerkleinerten die Kinder die Apfelst\u00fccke mit einer Obstm\u00fchle, um sie danach in einer Obstpresse zu pressen \u2013 nat\u00fcrlich alles in Handarbeit! Diese praktische Erfahrung war nicht nur lehrreich, sondern auch richtig anstrengend, da jede*r selbst mit anpacken musste.<\/p>\n\n\n\n<p>Der Besuch bot den Sch\u00fcler*innen eine tolle M\u00f6glichkeit, den Herstellungsprozess von Apfelsaft hautnah zu erleben und mehr \u00fcber die Bedeutung von Handarbeit und Nachhaltigkeit zu lernen.<\/p>\n\n\n\n<div class=\"wp-block-image is-style-rounded\"><figure class=\"aligncenter size-large is-resized\"><img loading=\"lazy\" decoding=\"async\" src=\"https:\/\/wordpress.nibis.de\/ass-go\/files\/2024\/09\/IMG_0213-1024x768.jpeg\" alt=\"\" class=\"wp-image-1599\" width=\"748\" height=\"561\" srcset=\"https:\/\/wordpress.nibis.de\/ass-go\/files\/2024\/09\/IMG_0213-1024x768.jpeg 1024w, https:\/\/wordpress.nibis.de\/ass-go\/files\/2024\/09\/IMG_0213-300x225.jpeg 300w, https:\/\/wordpress.nibis.de\/ass-go\/files\/2024\/09\/IMG_0213-768x576.jpeg 768w, https:\/\/wordpress.nibis.de\/ass-go\/files\/2024\/09\/IMG_0213-1536x1152.jpeg 1536w, https:\/\/wordpress.nibis.de\/ass-go\/files\/2024\/09\/IMG_0213-2048x1536.jpeg 2048w\" sizes=\"auto, (max-width: 748px) 100vw, 748px\" \/><figcaption>Das hat Spa\u00df gemacht!<\/figcaption><\/figure><\/div>\n","protected":false},"excerpt":{"rendered":"<p>Besuch der \u00d6kostation Deister-Vorland \u2013 Apfelmosterei hautnah erleben! Am 24. September besuchte der 2. Jahrgang der ASS im Rahmen der Sachunterrichtseinheit \u201eApfel\u201c die \u00d6kostation Deister-Vorland in Goltern. Hier hatten die Kinder die Gelegenheit, den Weg vom Apfel bis zum fertigen Apfelsaft Schritt f\u00fcr Schritt mitzuerleben. In der Kindermosterei wurden zun\u00e4chst die \u00c4pfel gewaschen und gesch\u00e4lt. &hellip; <a href=\"https:\/\/wordpress.nibis.de\/ass-go\/24-09-2024-besuch-der-oekostation-apfelmosterei\/\" class=\"more-link\"><span class=\"screen-reader-text\">24.09.2024 Besuch der \u00d6kostation &#8211; Apfelmosterei<\/span> weiterlesen<\/a><\/p>\n","protected":false},"author":9194276,"featured_media":0,"comment_status":"closed","ping_status":"closed","sticky":false,"template":"","format":"standard","meta":{"footnotes":""},"categories":[13],"tags":[],"class_list":["post-1596","post","type-post","status-publish","format-standard","hentry","category-aktuelle-2024-2025"],"_links":{"self":[{"href":"https:\/\/wordpress.nibis.de\/ass-go\/wp-json\/wp\/v2\/posts\/1596","targetHints":{"allow":["GET"]}}],"collection":[{"href":"https:\/\/wordpress.nibis.de\/ass-go\/wp-json\/wp\/v2\/posts"}],"about":[{"href":"https:\/\/wordpress.nibis.de\/ass-go\/wp-json\/wp\/v2\/types\/post"}],"author":[{"embeddable":true,"href":"https:\/\/wordpress.nibis.de\/ass-go\/wp-json\/wp\/v2\/users\/9194276"}],"replies":[{"embeddable":true,"href":"https:\/\/wordpress.nibis.de\/ass-go\/wp-json\/wp\/v2\/comments?post=1596"}],"version-history":[{"count":3,"href":"https:\/\/wordpress.nibis.de\/ass-go\/wp-json\/wp\/v2\/posts\/1596\/revisions"}],"predecessor-version":[{"id":1618,"href":"https:\/\/wordpress.nibis.de\/ass-go\/wp-json\/wp\/v2\/posts\/1596\/revisions\/1618"}],"wp:attachment":[{"href":"https:\/\/wordpress.nibis.de\/ass-go\/wp-json\/wp\/v2\/media?parent=1596"}],"wp:term":[{"taxonomy":"category","embeddable":true,"href":"https:\/\/wordpress.nibis.de\/ass-go\/wp-json\/wp\/v2\/categories?post=1596"},{"taxonomy":"post_tag","embeddable":true,"href":"https:\/\/wordpress.nibis.de\/ass-go\/wp-json\/wp\/v2\/tags?post=1596"}],"curies":[{"name":"wp","href":"https:\/\/api.w.org\/{rel}","templated":true}]}}