{"id":1613,"date":"2024-10-06T19:01:12","date_gmt":"2024-10-06T17:01:12","guid":{"rendered":"https:\/\/wordpress.nibis.de\/ass-go\/?p=1613"},"modified":"2024-10-22T13:13:53","modified_gmt":"2024-10-22T11:13:53","slug":"2-10-2024-unser-herbstforum","status":"publish","type":"post","link":"https:\/\/wordpress.nibis.de\/ass-go\/2-10-2024-unser-herbstforum\/","title":{"rendered":"02.10.2024 Unser Herbstforum"},"content":{"rendered":"\n<p>Am letzten Schultag vor den Ferien versammelten sich alle Klassen unserer Schule zum traditionellen Herbstforum. Dieses gemeinsame Treffen bot allen Sch\u00fclerinnen und Sch\u00fclern die M\u00f6glichkeit, die kreativen und fachlichen Ergebnisse ihrer Unterrichtsarbeit der gesamten Schulgemeinschaft zu pr\u00e4sentieren.<\/p>\n\n\n\n<p>An diesem Tag standen herbstliche Gedichte und Lieder im Mittelpunkt, die nicht nur gesungen, sondern auch mit Instrumenten von den Kindern begleitet wurden. So entstand ein buntes und stimmungsvolles Programm, das den Herbst in all seinen Facetten wiederspiegelte.<\/p>\n\n\n\n<p>Es war ein gelungenes und sehr stimmungsvolles Forum, so dass wir uns jetzt schon auf das n\u00e4chste Zusammentreffen freuen. <\/p>\n\n\n\n<p><\/p>\n\n\n\n<div class=\"wp-block-image is-style-default\"><figure class=\"aligncenter size-large is-resized\"><img loading=\"lazy\" decoding=\"async\" src=\"https:\/\/wordpress.nibis.de\/ass-go\/files\/2024\/10\/IMG_1052-736x1024.jpeg\" alt=\"\" class=\"wp-image-1614\" width=\"270\" height=\"375\" \/><\/figure><\/div>\n","protected":false},"excerpt":{"rendered":"<p>Am letzten Schultag vor den Ferien versammelten sich alle Klassen unserer Schule zum traditionellen Herbstforum. Dieses gemeinsame Treffen bot allen Sch\u00fclerinnen und Sch\u00fclern die M\u00f6glichkeit, die kreativen und fachlichen Ergebnisse ihrer Unterrichtsarbeit der gesamten Schulgemeinschaft zu pr\u00e4sentieren. An diesem Tag standen herbstliche Gedichte und Lieder im Mittelpunkt, die nicht nur gesungen, sondern auch mit Instrumenten &hellip; <a href=\"https:\/\/wordpress.nibis.de\/ass-go\/2-10-2024-unser-herbstforum\/\" class=\"more-link\"><span class=\"screen-reader-text\">02.10.2024 Unser Herbstforum<\/span> weiterlesen<\/a><\/p>\n","protected":false},"author":9194276,"featured_media":0,"comment_status":"closed","ping_status":"closed","sticky":false,"template":"","format":"standard","meta":{"footnotes":""},"categories":[13],"tags":[],"class_list":["post-1613","post","type-post","status-publish","format-standard","hentry","category-aktuelle-2024-2025"],"_links":{"self":[{"href":"https:\/\/wordpress.nibis.de\/ass-go\/wp-json\/wp\/v2\/posts\/1613","targetHints":{"allow":["GET"]}}],"collection":[{"href":"https:\/\/wordpress.nibis.de\/ass-go\/wp-json\/wp\/v2\/posts"}],"about":[{"href":"https:\/\/wordpress.nibis.de\/ass-go\/wp-json\/wp\/v2\/types\/post"}],"author":[{"embeddable":true,"href":"https:\/\/wordpress.nibis.de\/ass-go\/wp-json\/wp\/v2\/users\/9194276"}],"replies":[{"embeddable":true,"href":"https:\/\/wordpress.nibis.de\/ass-go\/wp-json\/wp\/v2\/comments?post=1613"}],"version-history":[{"count":4,"href":"https:\/\/wordpress.nibis.de\/ass-go\/wp-json\/wp\/v2\/posts\/1613\/revisions"}],"predecessor-version":[{"id":1621,"href":"https:\/\/wordpress.nibis.de\/ass-go\/wp-json\/wp\/v2\/posts\/1613\/revisions\/1621"}],"wp:attachment":[{"href":"https:\/\/wordpress.nibis.de\/ass-go\/wp-json\/wp\/v2\/media?parent=1613"}],"wp:term":[{"taxonomy":"category","embeddable":true,"href":"https:\/\/wordpress.nibis.de\/ass-go\/wp-json\/wp\/v2\/categories?post=1613"},{"taxonomy":"post_tag","embeddable":true,"href":"https:\/\/wordpress.nibis.de\/ass-go\/wp-json\/wp\/v2\/tags?post=1613"}],"curies":[{"name":"wp","href":"https:\/\/api.w.org\/{rel}","templated":true}]}}