{"id":1637,"date":"2024-11-15T14:26:59","date_gmt":"2024-11-15T13:26:59","guid":{"rendered":"https:\/\/wordpress.nibis.de\/ass-go\/?p=1637"},"modified":"2024-11-15T15:28:37","modified_gmt":"2024-11-15T14:28:37","slug":"15-11-2024-bundesweiter-vorlesetag-vorlesen-schafft-zukunft","status":"publish","type":"post","link":"https:\/\/wordpress.nibis.de\/ass-go\/15-11-2024-bundesweiter-vorlesetag-vorlesen-schafft-zukunft\/","title":{"rendered":"15.11.2024 Bundesweiter Vorlesetag \u201dVorlesen schafft Zukunft\u201d"},"content":{"rendered":"\n<p><\/p>\n\n\n\n<p>Heute, am 15.11.2024 haben wir mit gro\u00dfer Freude am <strong>Bundesweiten Vorlesetag<\/strong> teilgenommen. Unter dem Motto <strong>\u201eVorlesen schafft Zukunft\u201c<\/strong> hatten unsere Sch\u00fclerinnen und Sch\u00fcler die M\u00f6glichkeit, sich f\u00fcr verschiedene Vorleseangebote zu entscheiden und eine ganze Stunde in die faszinierende Welt der Geschichten einzutauchen.<\/p>\n\n\n\n<p>Vorlesen ist weit mehr als nur ein sch\u00f6ner Zeitvertreib:<\/p>\n\n\n\n<p>\u2022 Es f\u00f6rdert die Fantasie und Kreativit\u00e4t der Kinder.<\/p>\n\n\n\n<p>\u2022 Sprachentwicklung und Wortschatz werden spielerisch erweitert.<\/p>\n\n\n\n<p>\u2022 Zuh\u00f6ren trainiert Konzentration und Aufmerksamkeit.<\/p>\n\n\n\n<p>\u2022 Durch Geschichten lernen Kinder Empathie und entwickeln soziale Kompetenzen.<\/p>\n\n\n\n<p>Der Vorlesetag war ein voller Erfolg \u2013 eine wertvolle Gelegenheit, den Spa\u00df am Lesen zu wecken und bleibende Eindr\u00fccke zu hinterlassen. Wir bedanken uns herzlich bei allen Kolleginnen, die diesen Tag so besonders gemacht haben!<\/p>\n","protected":false},"excerpt":{"rendered":"<p>Heute, am 15.11.2024 haben wir mit gro\u00dfer Freude am Bundesweiten Vorlesetag teilgenommen. Unter dem Motto \u201eVorlesen schafft Zukunft\u201c hatten unsere Sch\u00fclerinnen und Sch\u00fcler die M\u00f6glichkeit, sich f\u00fcr verschiedene Vorleseangebote zu entscheiden und eine ganze Stunde in die faszinierende Welt der Geschichten einzutauchen. Vorlesen ist weit mehr als nur ein sch\u00f6ner Zeitvertreib: \u2022 Es f\u00f6rdert die &hellip; <a href=\"https:\/\/wordpress.nibis.de\/ass-go\/15-11-2024-bundesweiter-vorlesetag-vorlesen-schafft-zukunft\/\" class=\"more-link\"><span class=\"screen-reader-text\">15.11.2024 Bundesweiter Vorlesetag \u201dVorlesen schafft Zukunft\u201d<\/span> weiterlesen<\/a><\/p>\n","protected":false},"author":9194276,"featured_media":0,"comment_status":"closed","ping_status":"closed","sticky":false,"template":"","format":"standard","meta":{"footnotes":""},"categories":[13],"tags":[],"class_list":["post-1637","post","type-post","status-publish","format-standard","hentry","category-aktuelle-2024-2025"],"_links":{"self":[{"href":"https:\/\/wordpress.nibis.de\/ass-go\/wp-json\/wp\/v2\/posts\/1637","targetHints":{"allow":["GET"]}}],"collection":[{"href":"https:\/\/wordpress.nibis.de\/ass-go\/wp-json\/wp\/v2\/posts"}],"about":[{"href":"https:\/\/wordpress.nibis.de\/ass-go\/wp-json\/wp\/v2\/types\/post"}],"author":[{"embeddable":true,"href":"https:\/\/wordpress.nibis.de\/ass-go\/wp-json\/wp\/v2\/users\/9194276"}],"replies":[{"embeddable":true,"href":"https:\/\/wordpress.nibis.de\/ass-go\/wp-json\/wp\/v2\/comments?post=1637"}],"version-history":[{"count":2,"href":"https:\/\/wordpress.nibis.de\/ass-go\/wp-json\/wp\/v2\/posts\/1637\/revisions"}],"predecessor-version":[{"id":1640,"href":"https:\/\/wordpress.nibis.de\/ass-go\/wp-json\/wp\/v2\/posts\/1637\/revisions\/1640"}],"wp:attachment":[{"href":"https:\/\/wordpress.nibis.de\/ass-go\/wp-json\/wp\/v2\/media?parent=1637"}],"wp:term":[{"taxonomy":"category","embeddable":true,"href":"https:\/\/wordpress.nibis.de\/ass-go\/wp-json\/wp\/v2\/categories?post=1637"},{"taxonomy":"post_tag","embeddable":true,"href":"https:\/\/wordpress.nibis.de\/ass-go\/wp-json\/wp\/v2\/tags?post=1637"}],"curies":[{"name":"wp","href":"https:\/\/api.w.org\/{rel}","templated":true}]}}