{"id":1698,"date":"2024-11-21T10:36:30","date_gmt":"2024-11-21T09:36:30","guid":{"rendered":"https:\/\/wordpress.nibis.de\/ass-go\/?p=1698"},"modified":"2024-12-01T10:12:23","modified_gmt":"2024-12-01T09:12:23","slug":"21-11-2014-der-zauberer-von-oz-verzaubert-die-klassen-1-bis-3","status":"publish","type":"post","link":"https:\/\/wordpress.nibis.de\/ass-go\/21-11-2014-der-zauberer-von-oz-verzaubert-die-klassen-1-bis-3\/","title":{"rendered":"21.11.2024 \u201eDer Zauberer von Oz\u201c verzaubert die Klassen 1 bis 3"},"content":{"rendered":"\n<p><\/p>\n\n\n\n<p>In der Vorweihnachtszeit wurde es f\u00fcr die Klassen 1 bis 3 besonders magisch: Gemeinsam besuchten die Kinder das Theater am Spalterhals, um das diesj\u00e4hrige Weihnachtsm\u00e4rchen <em>\u201eDer Zauberer von Oz\u201c<\/em> zu erleben.<\/p>\n\n\n\n<p>Die spannende Reise von Dorothy und ihren treuen Begleitern \u2013 der Vogelscheuche, dem Blechmann und dem feigen L\u00f6wen \u2013 begeisterte die jungen Zuschauer von Anfang bis Ende. Mit viel Humor, wundersch\u00f6nen Kulissen und zauberhafter Musik wurde die bekannte Geschichte zum Leben erweckt.<\/p>\n\n\n\n<p>Ein herzliches Dankesch\u00f6n an das Theaterensemble f\u00fcr dieses sch\u00f6ne Erlebnis! Es war eine wunderbare Einstimmung auf die Weihnachtszeit.<\/p>\n\n\n\n<div class=\"wp-block-image is-style-rounded\"><figure class=\"aligncenter size-large\"><img loading=\"lazy\" decoding=\"async\" width=\"1024\" height=\"978\" src=\"https:\/\/wordpress.nibis.de\/ass-go\/files\/2024\/11\/IMG_1139-1024x978.jpeg\" alt=\"\" class=\"wp-image-1703\" srcset=\"https:\/\/wordpress.nibis.de\/ass-go\/files\/2024\/11\/IMG_1139-1024x978.jpeg 1024w, https:\/\/wordpress.nibis.de\/ass-go\/files\/2024\/11\/IMG_1139-300x287.jpeg 300w, https:\/\/wordpress.nibis.de\/ass-go\/files\/2024\/11\/IMG_1139-768x734.jpeg 768w, https:\/\/wordpress.nibis.de\/ass-go\/files\/2024\/11\/IMG_1139-1536x1467.jpeg 1536w, https:\/\/wordpress.nibis.de\/ass-go\/files\/2024\/11\/IMG_1139-2048x1956.jpeg 2048w\" sizes=\"auto, (max-width: 1024px) 100vw, 1024px\" \/><\/figure><\/div>\n\n\n\n<p><\/p>\n","protected":false},"excerpt":{"rendered":"<p>In der Vorweihnachtszeit wurde es f\u00fcr die Klassen 1 bis 3 besonders magisch: Gemeinsam besuchten die Kinder das Theater am Spalterhals, um das diesj\u00e4hrige Weihnachtsm\u00e4rchen \u201eDer Zauberer von Oz\u201c zu erleben. Die spannende Reise von Dorothy und ihren treuen Begleitern \u2013 der Vogelscheuche, dem Blechmann und dem feigen L\u00f6wen \u2013 begeisterte die jungen Zuschauer von &hellip; <a href=\"https:\/\/wordpress.nibis.de\/ass-go\/21-11-2014-der-zauberer-von-oz-verzaubert-die-klassen-1-bis-3\/\" class=\"more-link\"><span class=\"screen-reader-text\">21.11.2024 \u201eDer Zauberer von Oz\u201c verzaubert die Klassen 1 bis 3<\/span> weiterlesen<\/a><\/p>\n","protected":false},"author":9194276,"featured_media":0,"comment_status":"closed","ping_status":"closed","sticky":false,"template":"","format":"standard","meta":{"footnotes":""},"categories":[13],"tags":[],"class_list":["post-1698","post","type-post","status-publish","format-standard","hentry","category-aktuelle-2024-2025"],"_links":{"self":[{"href":"https:\/\/wordpress.nibis.de\/ass-go\/wp-json\/wp\/v2\/posts\/1698","targetHints":{"allow":["GET"]}}],"collection":[{"href":"https:\/\/wordpress.nibis.de\/ass-go\/wp-json\/wp\/v2\/posts"}],"about":[{"href":"https:\/\/wordpress.nibis.de\/ass-go\/wp-json\/wp\/v2\/types\/post"}],"author":[{"embeddable":true,"href":"https:\/\/wordpress.nibis.de\/ass-go\/wp-json\/wp\/v2\/users\/9194276"}],"replies":[{"embeddable":true,"href":"https:\/\/wordpress.nibis.de\/ass-go\/wp-json\/wp\/v2\/comments?post=1698"}],"version-history":[{"count":3,"href":"https:\/\/wordpress.nibis.de\/ass-go\/wp-json\/wp\/v2\/posts\/1698\/revisions"}],"predecessor-version":[{"id":1711,"href":"https:\/\/wordpress.nibis.de\/ass-go\/wp-json\/wp\/v2\/posts\/1698\/revisions\/1711"}],"wp:attachment":[{"href":"https:\/\/wordpress.nibis.de\/ass-go\/wp-json\/wp\/v2\/media?parent=1698"}],"wp:term":[{"taxonomy":"category","embeddable":true,"href":"https:\/\/wordpress.nibis.de\/ass-go\/wp-json\/wp\/v2\/categories?post=1698"},{"taxonomy":"post_tag","embeddable":true,"href":"https:\/\/wordpress.nibis.de\/ass-go\/wp-json\/wp\/v2\/tags?post=1698"}],"curies":[{"name":"wp","href":"https:\/\/api.w.org\/{rel}","templated":true}]}}