{"id":1723,"date":"2024-12-09T09:36:23","date_gmt":"2024-12-09T08:36:23","guid":{"rendered":"https:\/\/wordpress.nibis.de\/ass-go\/?p=1723"},"modified":"2024-12-10T12:56:07","modified_gmt":"2024-12-10T11:56:07","slug":"09-12-2024-der-sportliche-nikolaus-war-da","status":"publish","type":"post","link":"https:\/\/wordpress.nibis.de\/ass-go\/09-12-2024-der-sportliche-nikolaus-war-da\/","title":{"rendered":"09.12.2024 Der sportliche Nikolaus war da!"},"content":{"rendered":"\n<div class=\"wp-block-image is-style-tw-rounded-corners\"><figure class=\"aligncenter size-large is-resized\"><img loading=\"lazy\" decoding=\"async\" src=\"https:\/\/wordpress.nibis.de\/ass-go\/files\/2024\/12\/FullSizeRender-985x1024.jpeg\" alt=\"\" class=\"wp-image-1724\" width=\"565\" height=\"587\" srcset=\"https:\/\/wordpress.nibis.de\/ass-go\/files\/2024\/12\/FullSizeRender-985x1024.jpeg 985w, https:\/\/wordpress.nibis.de\/ass-go\/files\/2024\/12\/FullSizeRender-289x300.jpeg 289w, https:\/\/wordpress.nibis.de\/ass-go\/files\/2024\/12\/FullSizeRender-768x798.jpeg 768w, https:\/\/wordpress.nibis.de\/ass-go\/files\/2024\/12\/FullSizeRender-1477x1536.jpeg 1477w, https:\/\/wordpress.nibis.de\/ass-go\/files\/2024\/12\/FullSizeRender-1970x2048.jpeg 1970w\" sizes=\"auto, (max-width: 565px) 100vw, 565px\" \/><\/figure><\/div>\n\n\n\n<p><strong>\u00dcberraschung &#8211; Der Nikolaus war da!<\/strong><\/p>\n\n\n\n<p>Am 9. Dezember staunten unsere Sch\u00fclerinnen und Sch\u00fcler nicht schlecht: Unter dem geschm\u00fcckten Weihnachtsbaum in der Pausenhalle standen zwei gro\u00dfe, dicke S\u00e4cke, die sofort alle Blicke auf sich zogen.<\/p>\n\n\n\n<p>Nach einem fr\u00f6hlichen gemeinsamen Singen in der Pausenhalle war die Spannung kaum noch auszuhalten. Endlich durften die Klassensprecherinnen und Klassensprecher das Geheimnis l\u00fcften. Der Nikolaus hatte unserer Schule einen Besuch abgestattet \u2013 und er kam nicht mit leeren H\u00e4nden!<\/p>\n\n\n\n<p>Zum Vorschein kamen viele neue Spielger\u00e4te, die ab sofort f\u00fcr Spa\u00df und Bewegung in den Pausen und im Ganztag sorgen. Ein herzliches Dankesch\u00f6n an den Nikolaus \u2013 und nat\u00fcrlich an alle, die diese wunderbare \u00dcberraschung m\u00f6glich gemacht haben!<\/p>\n\n\n\n<p><\/p>\n","protected":false},"excerpt":{"rendered":"<p>\u00dcberraschung &#8211; Der Nikolaus war da! Am 9. Dezember staunten unsere Sch\u00fclerinnen und Sch\u00fcler nicht schlecht: Unter dem geschm\u00fcckten Weihnachtsbaum in der Pausenhalle standen zwei gro\u00dfe, dicke S\u00e4cke, die sofort alle Blicke auf sich zogen. Nach einem fr\u00f6hlichen gemeinsamen Singen in der Pausenhalle war die Spannung kaum noch auszuhalten. Endlich durften die Klassensprecherinnen und Klassensprecher &hellip; <a href=\"https:\/\/wordpress.nibis.de\/ass-go\/09-12-2024-der-sportliche-nikolaus-war-da\/\" class=\"more-link\"><span class=\"screen-reader-text\">09.12.2024 Der sportliche Nikolaus war da!<\/span> weiterlesen<\/a><\/p>\n","protected":false},"author":9194276,"featured_media":0,"comment_status":"closed","ping_status":"closed","sticky":false,"template":"","format":"standard","meta":{"footnotes":""},"categories":[13],"tags":[],"class_list":["post-1723","post","type-post","status-publish","format-standard","hentry","category-aktuelle-2024-2025"],"_links":{"self":[{"href":"https:\/\/wordpress.nibis.de\/ass-go\/wp-json\/wp\/v2\/posts\/1723","targetHints":{"allow":["GET"]}}],"collection":[{"href":"https:\/\/wordpress.nibis.de\/ass-go\/wp-json\/wp\/v2\/posts"}],"about":[{"href":"https:\/\/wordpress.nibis.de\/ass-go\/wp-json\/wp\/v2\/types\/post"}],"author":[{"embeddable":true,"href":"https:\/\/wordpress.nibis.de\/ass-go\/wp-json\/wp\/v2\/users\/9194276"}],"replies":[{"embeddable":true,"href":"https:\/\/wordpress.nibis.de\/ass-go\/wp-json\/wp\/v2\/comments?post=1723"}],"version-history":[{"count":5,"href":"https:\/\/wordpress.nibis.de\/ass-go\/wp-json\/wp\/v2\/posts\/1723\/revisions"}],"predecessor-version":[{"id":1730,"href":"https:\/\/wordpress.nibis.de\/ass-go\/wp-json\/wp\/v2\/posts\/1723\/revisions\/1730"}],"wp:attachment":[{"href":"https:\/\/wordpress.nibis.de\/ass-go\/wp-json\/wp\/v2\/media?parent=1723"}],"wp:term":[{"taxonomy":"category","embeddable":true,"href":"https:\/\/wordpress.nibis.de\/ass-go\/wp-json\/wp\/v2\/categories?post=1723"},{"taxonomy":"post_tag","embeddable":true,"href":"https:\/\/wordpress.nibis.de\/ass-go\/wp-json\/wp\/v2\/tags?post=1723"}],"curies":[{"name":"wp","href":"https:\/\/api.w.org\/{rel}","templated":true}]}}