{"id":1748,"date":"2025-02-21T11:32:11","date_gmt":"2025-02-21T10:32:11","guid":{"rendered":"https:\/\/wordpress.nibis.de\/ass-go\/?p=1748"},"modified":"2025-03-03T17:47:34","modified_gmt":"2025-03-03T16:47:34","slug":"21-02-25-buecher-basar","status":"publish","type":"post","link":"https:\/\/wordpress.nibis.de\/ass-go\/21-02-25-buecher-basar\/","title":{"rendered":"21.02.2025 Unser erster gro\u00dfer B\u00fccherbasar \u2013 ein voller Erfolg!"},"content":{"rendered":"\n<div class=\"wp-block-image\"><figure class=\"aligncenter size-large is-resized\"><img loading=\"lazy\" decoding=\"async\" src=\"https:\/\/wordpress.nibis.de\/ass-go\/files\/2025\/02\/IMG_0342-1024x825.jpeg\" alt=\"\" class=\"wp-image-1807\" width=\"498\" height=\"400\" srcset=\"https:\/\/wordpress.nibis.de\/ass-go\/files\/2025\/02\/IMG_0342-1024x825.jpeg 1024w, https:\/\/wordpress.nibis.de\/ass-go\/files\/2025\/02\/IMG_0342-300x242.jpeg 300w, https:\/\/wordpress.nibis.de\/ass-go\/files\/2025\/02\/IMG_0342-768x619.jpeg 768w, https:\/\/wordpress.nibis.de\/ass-go\/files\/2025\/02\/IMG_0342-1536x1238.jpeg 1536w, https:\/\/wordpress.nibis.de\/ass-go\/files\/2025\/02\/IMG_0342-2048x1651.jpeg 2048w\" sizes=\"auto, (max-width: 498px) 100vw, 498px\" \/><figcaption>Unser B\u00fccherbasar<\/figcaption><\/figure><\/div>\n\n\n\n<p>Am 21. Februar war es endlich soweit: Unser <strong>erster gro\u00dfer B\u00fccherbasar<\/strong> &#8211; organisiert und durchgef\u00fchrt durch den F\u00f6rderverein unserer Schule &#8211; fand statt! Zahlreiche Besucher nutzten die Gelegenheit, in der vielf\u00e4ltigen Auswahl an B\u00fcchern zu st\u00f6bern und so manches neue Lieblingsbuch zu entdecken.<\/p>\n\n\n\n<p>Ein besonderer Dank gilt den vielen <strong>helfenden H\u00e4nden<\/strong>, die im Vorfeld flei\u00dfig gebacken haben. So konnten sich unsere G\u00e4ste w\u00e4hrend des St\u00f6berns auch um ihr <strong>leibliches Wohl<\/strong> k\u00fcmmern.<\/p>\n\n\n\n<p>Dank der tollen <strong>Organisation und Umsetzung<\/strong> durch das Team des F\u00f6rdervereins war die Veranstaltung ein voller Erfolg. Viele B\u00fccher haben ein neues Zuhause gefunden \u2013 und die Freude am Lesen konnte weitergegeben werden.<\/p>\n\n\n\n<p><strong>Herzlichen Dank an alle Beteiligten!<\/strong><\/p>\n\n\n\n<div class=\"wp-block-image is-style-default\"><figure class=\"aligncenter size-full\"><img loading=\"lazy\" decoding=\"async\" width=\"595\" height=\"839\" src=\"https:\/\/wordpress.nibis.de\/ass-go\/files\/2025\/01\/IMG_1284.jpeg\" alt=\"\" class=\"wp-image-1749\" srcset=\"https:\/\/wordpress.nibis.de\/ass-go\/files\/2025\/01\/IMG_1284.jpeg 595w, https:\/\/wordpress.nibis.de\/ass-go\/files\/2025\/01\/IMG_1284-213x300.jpeg 213w\" sizes=\"auto, (max-width: 595px) 100vw, 595px\" \/><\/figure><\/div>\n","protected":false},"excerpt":{"rendered":"<p>Am 21. Februar war es endlich soweit: Unser erster gro\u00dfer B\u00fccherbasar &#8211; organisiert und durchgef\u00fchrt durch den F\u00f6rderverein unserer Schule &#8211; fand statt! Zahlreiche Besucher nutzten die Gelegenheit, in der vielf\u00e4ltigen Auswahl an B\u00fcchern zu st\u00f6bern und so manches neue Lieblingsbuch zu entdecken. Ein besonderer Dank gilt den vielen helfenden H\u00e4nden, die im Vorfeld flei\u00dfig &hellip; <a href=\"https:\/\/wordpress.nibis.de\/ass-go\/21-02-25-buecher-basar\/\" class=\"more-link\"><span class=\"screen-reader-text\">21.02.2025 Unser erster gro\u00dfer B\u00fccherbasar \u2013 ein voller Erfolg!<\/span> weiterlesen<\/a><\/p>\n","protected":false},"author":9194276,"featured_media":0,"comment_status":"closed","ping_status":"closed","sticky":false,"template":"","format":"standard","meta":{"footnotes":""},"categories":[13],"tags":[],"class_list":["post-1748","post","type-post","status-publish","format-standard","hentry","category-aktuelle-2024-2025"],"_links":{"self":[{"href":"https:\/\/wordpress.nibis.de\/ass-go\/wp-json\/wp\/v2\/posts\/1748","targetHints":{"allow":["GET"]}}],"collection":[{"href":"https:\/\/wordpress.nibis.de\/ass-go\/wp-json\/wp\/v2\/posts"}],"about":[{"href":"https:\/\/wordpress.nibis.de\/ass-go\/wp-json\/wp\/v2\/types\/post"}],"author":[{"embeddable":true,"href":"https:\/\/wordpress.nibis.de\/ass-go\/wp-json\/wp\/v2\/users\/9194276"}],"replies":[{"embeddable":true,"href":"https:\/\/wordpress.nibis.de\/ass-go\/wp-json\/wp\/v2\/comments?post=1748"}],"version-history":[{"count":6,"href":"https:\/\/wordpress.nibis.de\/ass-go\/wp-json\/wp\/v2\/posts\/1748\/revisions"}],"predecessor-version":[{"id":1817,"href":"https:\/\/wordpress.nibis.de\/ass-go\/wp-json\/wp\/v2\/posts\/1748\/revisions\/1817"}],"wp:attachment":[{"href":"https:\/\/wordpress.nibis.de\/ass-go\/wp-json\/wp\/v2\/media?parent=1748"}],"wp:term":[{"taxonomy":"category","embeddable":true,"href":"https:\/\/wordpress.nibis.de\/ass-go\/wp-json\/wp\/v2\/categories?post=1748"},{"taxonomy":"post_tag","embeddable":true,"href":"https:\/\/wordpress.nibis.de\/ass-go\/wp-json\/wp\/v2\/tags?post=1748"}],"curies":[{"name":"wp","href":"https:\/\/api.w.org\/{rel}","templated":true}]}}