{"id":1759,"date":"2025-01-28T10:17:17","date_gmt":"2025-01-28T09:17:17","guid":{"rendered":"https:\/\/wordpress.nibis.de\/ass-go\/?p=1759"},"modified":"2025-01-28T20:56:57","modified_gmt":"2025-01-28T19:56:57","slug":"28-01-2025-eine-fesselnde-autorenlesung-mit-christina-wolf","status":"publish","type":"post","link":"https:\/\/wordpress.nibis.de\/ass-go\/28-01-2025-eine-fesselnde-autorenlesung-mit-christina-wolf\/","title":{"rendered":"28.01.2025 Eine fesselnde Autorenlesung mit Christina Wolf"},"content":{"rendered":"\n<div class=\"wp-block-image is-style-rounded\"><figure class=\"aligncenter size-large is-resized\"><img loading=\"lazy\" decoding=\"async\" src=\"https:\/\/wordpress.nibis.de\/ass-go\/files\/2025\/01\/FullSizeRender-1-1024x768.jpeg\" alt=\"\" class=\"wp-image-1761\" width=\"643\" height=\"482\" srcset=\"https:\/\/wordpress.nibis.de\/ass-go\/files\/2025\/01\/FullSizeRender-1-1024x768.jpeg 1024w, https:\/\/wordpress.nibis.de\/ass-go\/files\/2025\/01\/FullSizeRender-1-300x225.jpeg 300w, https:\/\/wordpress.nibis.de\/ass-go\/files\/2025\/01\/FullSizeRender-1-768x576.jpeg 768w, https:\/\/wordpress.nibis.de\/ass-go\/files\/2025\/01\/FullSizeRender-1-1536x1152.jpeg 1536w, https:\/\/wordpress.nibis.de\/ass-go\/files\/2025\/01\/FullSizeRender-1-2048x1536.jpeg 2048w\" sizes=\"auto, (max-width: 643px) 100vw, 643px\" \/><\/figure><\/div>\n\n\n\n<p>Ein besonderes Highlight erlebten die Sch\u00fclerinnen und Sch\u00fcler unserer Schule mit der sympathischen Autorin Christina Wolf, die ihr Buch \u201cDie Bildspringer\u201d vorstellte.<\/p>\n\n\n\n<p>Mit einer abwechslungsreichen und spannenden Lesung fesselte sie ihr junges Publikum von der ersten Minute an. Die Kinder lauschten gespannt und f\u00fchlten sich in der gem\u00fctlichen Atmosph\u00e4hre sofort wohl. Doch nicht nur das Zuh\u00f6ren stand im Mittelpunkt &#8211; die Sch\u00fclerinnen und Sch\u00fcler durften auch ihre Neugier ausleben und Fragen stellen:<\/p>\n\n\n\n<ul class=\"wp-block-list\"><li>Wie lange dauert es, ein Buch zu schreiben?<\/li><li>Woher kommen die Ideen f\u00fcr ein neues Buch?<\/li><li>Wie werden B\u00fccher gedruckt?<\/li><li>Wo kann man das Buch \u201dDie Bildspringer\u201d kaufen?<\/li><\/ul>\n\n\n\n<p>Die Antwort auf die letzte Frage ist besonders erfreulich: Das Buch ist in jeder Buchhandlung, online und ab n\u00e4chster Woche in unserer B\u00fccherei erh\u00e4ltlich.<\/p>\n\n\n\n<p>Ein weiteres Highlight war das Kunst-Quiz, bei dem die Kinder gegen die Autorin antraten. Mit viel Wissen und Begeisterung meisterten sie die Fragen und am Ende gewannen tats\u00e4chlich unsere Sch\u00fclerinnen und Sch\u00fcler das Quiz-Duell!<\/p>\n\n\n\n<p>Zum Abschluss gab es eine besondere \u00dcberraschung: Frau Wolf schenkte jedem Kind ein Lesezeichen und eine Buchkarte mit pers\u00f6nlichem Autogramm.<\/p>\n\n\n\n<p>Am Ende waren sich alle einig: So eine Autorenlesung ist ein unvergessliches Erlebnis!<\/p>\n\n\n\n<div class=\"wp-block-image is-style-rounded\"><figure class=\"aligncenter size-large is-resized\"><img loading=\"lazy\" decoding=\"async\" src=\"https:\/\/wordpress.nibis.de\/ass-go\/files\/2025\/01\/IMG_6657-768x1024.jpeg\" alt=\"\" class=\"wp-image-1762\" width=\"497\" height=\"662\" srcset=\"https:\/\/wordpress.nibis.de\/ass-go\/files\/2025\/01\/IMG_6657-768x1024.jpeg 768w, https:\/\/wordpress.nibis.de\/ass-go\/files\/2025\/01\/IMG_6657-225x300.jpeg 225w, https:\/\/wordpress.nibis.de\/ass-go\/files\/2025\/01\/IMG_6657-1152x1536.jpeg 1152w, https:\/\/wordpress.nibis.de\/ass-go\/files\/2025\/01\/IMG_6657-1536x2048.jpeg 1536w, https:\/\/wordpress.nibis.de\/ass-go\/files\/2025\/01\/IMG_6657-scaled.jpeg 1920w\" sizes=\"auto, (max-width: 497px) 100vw, 497px\" \/><figcaption>Autogrammstunde<\/figcaption><\/figure><\/div>\n","protected":false},"excerpt":{"rendered":"<p>Ein besonderes Highlight erlebten die Sch\u00fclerinnen und Sch\u00fcler unserer Schule mit der sympathischen Autorin Christina Wolf, die ihr Buch \u201cDie Bildspringer\u201d vorstellte. Mit einer abwechslungsreichen und spannenden Lesung fesselte sie ihr junges Publikum von der ersten Minute an. Die Kinder lauschten gespannt und f\u00fchlten sich in der gem\u00fctlichen Atmosph\u00e4hre sofort wohl. Doch nicht nur das &hellip; <a href=\"https:\/\/wordpress.nibis.de\/ass-go\/28-01-2025-eine-fesselnde-autorenlesung-mit-christina-wolf\/\" class=\"more-link\"><span class=\"screen-reader-text\">28.01.2025 Eine fesselnde Autorenlesung mit Christina Wolf<\/span> weiterlesen<\/a><\/p>\n","protected":false},"author":9194276,"featured_media":0,"comment_status":"closed","ping_status":"closed","sticky":false,"template":"","format":"standard","meta":{"footnotes":""},"categories":[13],"tags":[],"class_list":["post-1759","post","type-post","status-publish","format-standard","hentry","category-aktuelle-2024-2025"],"_links":{"self":[{"href":"https:\/\/wordpress.nibis.de\/ass-go\/wp-json\/wp\/v2\/posts\/1759","targetHints":{"allow":["GET"]}}],"collection":[{"href":"https:\/\/wordpress.nibis.de\/ass-go\/wp-json\/wp\/v2\/posts"}],"about":[{"href":"https:\/\/wordpress.nibis.de\/ass-go\/wp-json\/wp\/v2\/types\/post"}],"author":[{"embeddable":true,"href":"https:\/\/wordpress.nibis.de\/ass-go\/wp-json\/wp\/v2\/users\/9194276"}],"replies":[{"embeddable":true,"href":"https:\/\/wordpress.nibis.de\/ass-go\/wp-json\/wp\/v2\/comments?post=1759"}],"version-history":[{"count":2,"href":"https:\/\/wordpress.nibis.de\/ass-go\/wp-json\/wp\/v2\/posts\/1759\/revisions"}],"predecessor-version":[{"id":1763,"href":"https:\/\/wordpress.nibis.de\/ass-go\/wp-json\/wp\/v2\/posts\/1759\/revisions\/1763"}],"wp:attachment":[{"href":"https:\/\/wordpress.nibis.de\/ass-go\/wp-json\/wp\/v2\/media?parent=1759"}],"wp:term":[{"taxonomy":"category","embeddable":true,"href":"https:\/\/wordpress.nibis.de\/ass-go\/wp-json\/wp\/v2\/categories?post=1759"},{"taxonomy":"post_tag","embeddable":true,"href":"https:\/\/wordpress.nibis.de\/ass-go\/wp-json\/wp\/v2\/tags?post=1759"}],"curies":[{"name":"wp","href":"https:\/\/api.w.org\/{rel}","templated":true}]}}