{"id":1784,"date":"2025-02-13T10:10:57","date_gmt":"2025-02-13T09:10:57","guid":{"rendered":"https:\/\/wordpress.nibis.de\/ass-go\/?p=1784"},"modified":"2025-02-13T10:11:16","modified_gmt":"2025-02-13T09:11:16","slug":"13-02-2025-mathematik-olympiade-an-der-ass","status":"publish","type":"post","link":"https:\/\/wordpress.nibis.de\/ass-go\/13-02-2025-mathematik-olympiade-an-der-ass\/","title":{"rendered":"13.02.2025 Mathematik-Olympiade an der ASS"},"content":{"rendered":"\n<p><br><\/p>\n\n\n\n<div class=\"wp-block-image is-style-rounded\"><figure class=\"aligncenter size-large is-resized\"><img loading=\"lazy\" decoding=\"async\" src=\"https:\/\/wordpress.nibis.de\/ass-go\/files\/2025\/02\/IMG_3430-1024x804.jpg\" alt=\"\" class=\"wp-image-1785\" width=\"508\" height=\"398\" srcset=\"https:\/\/wordpress.nibis.de\/ass-go\/files\/2025\/02\/IMG_3430-1024x804.jpg 1024w, https:\/\/wordpress.nibis.de\/ass-go\/files\/2025\/02\/IMG_3430-300x236.jpg 300w, https:\/\/wordpress.nibis.de\/ass-go\/files\/2025\/02\/IMG_3430-768x603.jpg 768w, https:\/\/wordpress.nibis.de\/ass-go\/files\/2025\/02\/IMG_3430-1536x1206.jpg 1536w, https:\/\/wordpress.nibis.de\/ass-go\/files\/2025\/02\/IMG_3430-2048x1608.jpg 2048w\" sizes=\"auto, (max-width: 508px) 100vw, 508px\" \/><\/figure><\/div>\n\n\n\n<p><\/p>\n\n\n\n<p>Heute war ein besonderer Tag an der ASS, denn die zweite Runde der Mathematik-Olympiade fand statt. Sch\u00fclerinnen und Sch\u00fcler aus den Klassen 3a, 3b, 4a und 4b, die in der ersten Runde mit viel Engagement und Ehrgeiz \u00fcberzeugt haben, durften nun ihr K\u00f6nnen in der zweiten Runde unter Beweis stellen.<\/p>\n\n\n\n<p><br>Gemeinsam haben die Kinder aus dem 3. und 4. Jahrgang in der Aula die Aufgaben der Mathematik-Olympiade Niedersachsen gel\u00f6st. Es war deutlich zu sehen, wie intensiv sie sich konzentrierten \u2013 die K\u00f6pfe rauchten und die Kinder gaben ihr Bestes, um jede Aufgabe zu knacken.<br><br>Die Mathematik-Olympiade ist der perfekte Wettbewerb f\u00fcr alle, die \u00fcber den Lehrplan hinaus Spa\u00df an Mathematik haben und sich gerne neuen Herausforderungen stellen. Ein toller Tag voller Wissen und Einsatz! Wir sind gespannt, wer von den Sch\u00fclerinnen und Sch\u00fclern in die Runde 3 vorr\u00fcckt.<\/p>\n\n\n\n<div class=\"wp-block-image is-style-rounded\"><figure class=\"aligncenter size-large is-resized\"><img loading=\"lazy\" decoding=\"async\" src=\"https:\/\/wordpress.nibis.de\/ass-go\/files\/2025\/02\/IMG_3431-636x1024.jpg\" alt=\"\" class=\"wp-image-1786\" width=\"281\" height=\"452\" srcset=\"https:\/\/wordpress.nibis.de\/ass-go\/files\/2025\/02\/IMG_3431-636x1024.jpg 636w, https:\/\/wordpress.nibis.de\/ass-go\/files\/2025\/02\/IMG_3431-186x300.jpg 186w, https:\/\/wordpress.nibis.de\/ass-go\/files\/2025\/02\/IMG_3431-768x1236.jpg 768w, https:\/\/wordpress.nibis.de\/ass-go\/files\/2025\/02\/IMG_3431-954x1536.jpg 954w, https:\/\/wordpress.nibis.de\/ass-go\/files\/2025\/02\/IMG_3431-1272x2048.jpg 1272w, https:\/\/wordpress.nibis.de\/ass-go\/files\/2025\/02\/IMG_3431-scaled.jpg 1590w\" sizes=\"auto, (max-width: 281px) 100vw, 281px\" \/><\/figure><\/div>\n","protected":false},"excerpt":{"rendered":"<p>Heute war ein besonderer Tag an der ASS, denn die zweite Runde der Mathematik-Olympiade fand statt. Sch\u00fclerinnen und Sch\u00fcler aus den Klassen 3a, 3b, 4a und 4b, die in der ersten Runde mit viel Engagement und Ehrgeiz \u00fcberzeugt haben, durften nun ihr K\u00f6nnen in der zweiten Runde unter Beweis stellen. Gemeinsam haben die Kinder aus &hellip; <a href=\"https:\/\/wordpress.nibis.de\/ass-go\/13-02-2025-mathematik-olympiade-an-der-ass\/\" class=\"more-link\"><span class=\"screen-reader-text\">13.02.2025 Mathematik-Olympiade an der ASS<\/span> weiterlesen<\/a><\/p>\n","protected":false},"author":9194276,"featured_media":0,"comment_status":"closed","ping_status":"closed","sticky":false,"template":"","format":"standard","meta":{"footnotes":""},"categories":[13],"tags":[],"class_list":["post-1784","post","type-post","status-publish","format-standard","hentry","category-aktuelle-2024-2025"],"_links":{"self":[{"href":"https:\/\/wordpress.nibis.de\/ass-go\/wp-json\/wp\/v2\/posts\/1784","targetHints":{"allow":["GET"]}}],"collection":[{"href":"https:\/\/wordpress.nibis.de\/ass-go\/wp-json\/wp\/v2\/posts"}],"about":[{"href":"https:\/\/wordpress.nibis.de\/ass-go\/wp-json\/wp\/v2\/types\/post"}],"author":[{"embeddable":true,"href":"https:\/\/wordpress.nibis.de\/ass-go\/wp-json\/wp\/v2\/users\/9194276"}],"replies":[{"embeddable":true,"href":"https:\/\/wordpress.nibis.de\/ass-go\/wp-json\/wp\/v2\/comments?post=1784"}],"version-history":[{"count":3,"href":"https:\/\/wordpress.nibis.de\/ass-go\/wp-json\/wp\/v2\/posts\/1784\/revisions"}],"predecessor-version":[{"id":1789,"href":"https:\/\/wordpress.nibis.de\/ass-go\/wp-json\/wp\/v2\/posts\/1784\/revisions\/1789"}],"wp:attachment":[{"href":"https:\/\/wordpress.nibis.de\/ass-go\/wp-json\/wp\/v2\/media?parent=1784"}],"wp:term":[{"taxonomy":"category","embeddable":true,"href":"https:\/\/wordpress.nibis.de\/ass-go\/wp-json\/wp\/v2\/categories?post=1784"},{"taxonomy":"post_tag","embeddable":true,"href":"https:\/\/wordpress.nibis.de\/ass-go\/wp-json\/wp\/v2\/tags?post=1784"}],"curies":[{"name":"wp","href":"https:\/\/api.w.org\/{rel}","templated":true}]}}