{"id":1834,"date":"2025-03-21T11:05:18","date_gmt":"2025-03-21T10:05:18","guid":{"rendered":"https:\/\/wordpress.nibis.de\/ass-go\/?p=1834"},"modified":"2025-03-25T16:40:35","modified_gmt":"2025-03-25T15:40:35","slug":"03-2025-energie-macht-schule-projekttage-an-der-ass","status":"publish","type":"post","link":"https:\/\/wordpress.nibis.de\/ass-go\/03-2025-energie-macht-schule-projekttage-an-der-ass\/","title":{"rendered":"03.2025 \u201eEnergie macht Schule\u201c \u2013 Projekttage an der ASS"},"content":{"rendered":"\n<p><\/p>\n\n\n\n<p>Am 7. und 21. M\u00e4rz drehte sich an unserer Schule alles rund um das Thema Energie! Die Stadt Barsinghausen hat in Zusammenarbeit mit der Firma e&amp;u das Projekt \u201eEnergie macht Schule\u201c ins Leben gerufen, um das Bewusstsein f\u00fcr das Energiesparen zu st\u00e4rken. Wir als Schule haben dieses Thema aufgegriffen und daraus zwei Projekttage gestaltet. Dabei wurden nicht nur M\u00f6glichkeiten zum Energiesparen im Schulgeb\u00e4ude untersucht, sondern auch die Sch\u00fclerinnen und Sch\u00fcler aktiv in das Thema einbezogen.<\/p>\n\n\n\n<p>W\u00e4hrend der beiden Projekttage lernten die Kinder spielerisch und praxisnah, wie Energie gespart werden kann und warum das so wichtig ist. <strong>Themen wie Klimawandel, Energiefresser im Klassenzimmer oder zu Hause, erneuerbare Energien und allgemeine Tipps zum Umweltschutz standen im Mittelpunkt.<\/strong><\/p>\n\n\n\n<figure class=\"wp-block-image size-large is-style-default\"><img loading=\"lazy\" decoding=\"async\" width=\"1024\" height=\"819\" src=\"https:\/\/wordpress.nibis.de\/ass-go\/files\/2025\/03\/IMG_1380-1024x819.png\" alt=\"\" class=\"wp-image-1836\" srcset=\"https:\/\/wordpress.nibis.de\/ass-go\/files\/2025\/03\/IMG_1380-1024x819.png 1024w, https:\/\/wordpress.nibis.de\/ass-go\/files\/2025\/03\/IMG_1380-300x240.png 300w, https:\/\/wordpress.nibis.de\/ass-go\/files\/2025\/03\/IMG_1380-768x614.png 768w, https:\/\/wordpress.nibis.de\/ass-go\/files\/2025\/03\/IMG_1380-1536x1229.png 1536w, https:\/\/wordpress.nibis.de\/ass-go\/files\/2025\/03\/IMG_1380.png 2000w\" sizes=\"auto, (max-width: 1024px) 100vw, 1024px\" \/><figcaption>Das Energiefahrrad<\/figcaption><\/figure>\n\n\n\n<p>Ein besonderes Highlight war das <strong>Energiefahrrad<\/strong>, mit dem Herr Thomalsky anschaulich demonstrierte, wie viel Muskelkraft ben\u00f6tigt wird, um  Wasser zu erw\u00e4rmen. Auch das <strong>L\u00fcftungsh\u00e4uschen<\/strong> war eine spannende Station, an der die Sch\u00fclerinnen und Sch\u00fcler erfuhren, wie richtiges L\u00fcften funktioniert.<\/p>\n\n\n\n<figure class=\"wp-block-image size-large is-style-default\"><img loading=\"lazy\" decoding=\"async\" width=\"1024\" height=\"768\" src=\"https:\/\/wordpress.nibis.de\/ass-go\/files\/2025\/03\/IMG_1381-1024x768.jpeg\" alt=\"\" class=\"wp-image-1845\" srcset=\"https:\/\/wordpress.nibis.de\/ass-go\/files\/2025\/03\/IMG_1381-1024x768.jpeg 1024w, https:\/\/wordpress.nibis.de\/ass-go\/files\/2025\/03\/IMG_1381-300x225.jpeg 300w, https:\/\/wordpress.nibis.de\/ass-go\/files\/2025\/03\/IMG_1381-768x576.jpeg 768w, https:\/\/wordpress.nibis.de\/ass-go\/files\/2025\/03\/IMG_1381-1536x1152.jpeg 1536w, https:\/\/wordpress.nibis.de\/ass-go\/files\/2025\/03\/IMG_1381-2048x1536.jpeg 2048w\" sizes=\"auto, (max-width: 1024px) 100vw, 1024px\" \/><figcaption>Das L\u00fcftungsh\u00e4uschen<\/figcaption><\/figure>\n\n\n\n<p>Mit diesen Projekttagen konnten wir nicht nur das Bewusstsein f\u00fcr einen nachhaltigen Umgang mit Energie st\u00e4rken, sondern den Kindern auch wertvolle Tipps f\u00fcr den Alltag mit auf den Weg geben. Ein gro\u00dfes Dankesch\u00f6n an Herrn Thomalsky, der unseren Ganztag zudem noch einmal pro Woche rund um das Thema \u201cEnergie sparen\u201d bereichert, und an alle Lehrkr\u00e4fte, die diese lehrreichen und spannenden Tage vorbereitet und erm\u00f6glicht haben. <\/p>\n","protected":false},"excerpt":{"rendered":"<p>Am 7. und 21. M\u00e4rz drehte sich an unserer Schule alles rund um das Thema Energie! Die Stadt Barsinghausen hat in Zusammenarbeit mit der Firma e&amp;u das Projekt \u201eEnergie macht Schule\u201c ins Leben gerufen, um das Bewusstsein f\u00fcr das Energiesparen zu st\u00e4rken. Wir als Schule haben dieses Thema aufgegriffen und daraus zwei Projekttage gestaltet. Dabei &hellip; <a href=\"https:\/\/wordpress.nibis.de\/ass-go\/03-2025-energie-macht-schule-projekttage-an-der-ass\/\" class=\"more-link\"><span class=\"screen-reader-text\">03.2025 \u201eEnergie macht Schule\u201c \u2013 Projekttage an der ASS<\/span> weiterlesen<\/a><\/p>\n","protected":false},"author":9194276,"featured_media":0,"comment_status":"closed","ping_status":"closed","sticky":false,"template":"","format":"standard","meta":{"footnotes":""},"categories":[13],"tags":[],"class_list":["post-1834","post","type-post","status-publish","format-standard","hentry","category-aktuelle-2024-2025"],"_links":{"self":[{"href":"https:\/\/wordpress.nibis.de\/ass-go\/wp-json\/wp\/v2\/posts\/1834","targetHints":{"allow":["GET"]}}],"collection":[{"href":"https:\/\/wordpress.nibis.de\/ass-go\/wp-json\/wp\/v2\/posts"}],"about":[{"href":"https:\/\/wordpress.nibis.de\/ass-go\/wp-json\/wp\/v2\/types\/post"}],"author":[{"embeddable":true,"href":"https:\/\/wordpress.nibis.de\/ass-go\/wp-json\/wp\/v2\/users\/9194276"}],"replies":[{"embeddable":true,"href":"https:\/\/wordpress.nibis.de\/ass-go\/wp-json\/wp\/v2\/comments?post=1834"}],"version-history":[{"count":8,"href":"https:\/\/wordpress.nibis.de\/ass-go\/wp-json\/wp\/v2\/posts\/1834\/revisions"}],"predecessor-version":[{"id":1849,"href":"https:\/\/wordpress.nibis.de\/ass-go\/wp-json\/wp\/v2\/posts\/1834\/revisions\/1849"}],"wp:attachment":[{"href":"https:\/\/wordpress.nibis.de\/ass-go\/wp-json\/wp\/v2\/media?parent=1834"}],"wp:term":[{"taxonomy":"category","embeddable":true,"href":"https:\/\/wordpress.nibis.de\/ass-go\/wp-json\/wp\/v2\/categories?post=1834"},{"taxonomy":"post_tag","embeddable":true,"href":"https:\/\/wordpress.nibis.de\/ass-go\/wp-json\/wp\/v2\/tags?post=1834"}],"curies":[{"name":"wp","href":"https:\/\/api.w.org\/{rel}","templated":true}]}}