{"id":1850,"date":"2025-04-02T15:58:40","date_gmt":"2025-04-02T13:58:40","guid":{"rendered":"https:\/\/wordpress.nibis.de\/ass-go\/?p=1850"},"modified":"2025-04-03T16:22:44","modified_gmt":"2025-04-03T14:22:44","slug":"01-04-25-gesundes-schulfruehstueck","status":"publish","type":"post","link":"https:\/\/wordpress.nibis.de\/ass-go\/01-04-25-gesundes-schulfruehstueck\/","title":{"rendered":"01.04.2025 Gesundes Schulfr\u00fchst\u00fcck"},"content":{"rendered":"\n<p>Am 1. April war es wieder soweit: Das gro\u00dfe Schulfr\u00fchst\u00fcck fand statt, dieses Mal liebevoll vorbereitet von den Klassen 3a und 3b. In der Schulk\u00fcche wurde flei\u00dfig geschnippelt, ger\u00fchrt und angerichtet. Das Ergebnis konnte sich sehen (und schmecken) lassen!<\/p>\n\n\n\n<p>Von frischem Obstsalat \u00fcber cremigen Joghurtquark bis hin zu einer bunten Rohkostplatte, herzhaften Eierspeisen sowie belegten K\u00f6rnerbr\u00f6tchen und knusprigen M\u00fcsli-Stangen \u2013 f\u00fcr jeden Geschmack war etwas dabei. Die Pausenhalle wurde passend zur Osterzeit dekoriert, sodass die ganze Schule in einer gem\u00fctlichen Atmosph\u00e4re das gesunde Fr\u00fchst\u00fcck genie\u00dfen konnte.<\/p>\n\n\n\n<p>Ein herzliches Dankesch\u00f6n gilt allen Eltern, die mit ihrer Unterst\u00fctzung diesen besonderen Vormittag m\u00f6glich gemacht haben, sowie den flei\u00dfigen Sch\u00fclerinnen und Sch\u00fclern der 3a und 3b f\u00fcr die tolle Vorbereitung. Wir freuen uns schon auf das n\u00e4chste Schulfr\u00fchst\u00fcck!<\/p>\n\n\n\n<figure class=\"wp-block-image size-large is-style-default\"><img loading=\"lazy\" decoding=\"async\" width=\"1024\" height=\"819\" src=\"https:\/\/wordpress.nibis.de\/ass-go\/files\/2025\/04\/2-1024x819.png\" alt=\"\" class=\"wp-image-1851\" srcset=\"https:\/\/wordpress.nibis.de\/ass-go\/files\/2025\/04\/2-1024x819.png 1024w, https:\/\/wordpress.nibis.de\/ass-go\/files\/2025\/04\/2-300x240.png 300w, https:\/\/wordpress.nibis.de\/ass-go\/files\/2025\/04\/2-768x614.png 768w, https:\/\/wordpress.nibis.de\/ass-go\/files\/2025\/04\/2-1536x1229.png 1536w, https:\/\/wordpress.nibis.de\/ass-go\/files\/2025\/04\/2.png 2000w\" sizes=\"auto, (max-width: 1024px) 100vw, 1024px\" \/><\/figure>\n\n\n\n<figure class=\"wp-block-image size-large is-style-default\"><img loading=\"lazy\" decoding=\"async\" width=\"1024\" height=\"819\" src=\"https:\/\/wordpress.nibis.de\/ass-go\/files\/2025\/04\/1-1-1024x819.png\" alt=\"\" class=\"wp-image-1853\" srcset=\"https:\/\/wordpress.nibis.de\/ass-go\/files\/2025\/04\/1-1-1024x819.png 1024w, https:\/\/wordpress.nibis.de\/ass-go\/files\/2025\/04\/1-1-300x240.png 300w, https:\/\/wordpress.nibis.de\/ass-go\/files\/2025\/04\/1-1-768x614.png 768w, https:\/\/wordpress.nibis.de\/ass-go\/files\/2025\/04\/1-1-1536x1229.png 1536w, https:\/\/wordpress.nibis.de\/ass-go\/files\/2025\/04\/1-1.png 2000w\" sizes=\"auto, (max-width: 1024px) 100vw, 1024px\" \/><\/figure>\n\n\n\n<p><\/p>\n","protected":false},"excerpt":{"rendered":"<p>Am 1. April war es wieder soweit: Das gro\u00dfe Schulfr\u00fchst\u00fcck fand statt, dieses Mal liebevoll vorbereitet von den Klassen 3a und 3b. In der Schulk\u00fcche wurde flei\u00dfig geschnippelt, ger\u00fchrt und angerichtet. Das Ergebnis konnte sich sehen (und schmecken) lassen! Von frischem Obstsalat \u00fcber cremigen Joghurtquark bis hin zu einer bunten Rohkostplatte, herzhaften Eierspeisen sowie belegten &hellip; <a href=\"https:\/\/wordpress.nibis.de\/ass-go\/01-04-25-gesundes-schulfruehstueck\/\" class=\"more-link\"><span class=\"screen-reader-text\">01.04.2025 Gesundes Schulfr\u00fchst\u00fcck<\/span> weiterlesen<\/a><\/p>\n","protected":false},"author":9194276,"featured_media":0,"comment_status":"closed","ping_status":"closed","sticky":false,"template":"","format":"standard","meta":{"footnotes":""},"categories":[1],"tags":[],"class_list":["post-1850","post","type-post","status-publish","format-standard","hentry","category-allgemein"],"_links":{"self":[{"href":"https:\/\/wordpress.nibis.de\/ass-go\/wp-json\/wp\/v2\/posts\/1850","targetHints":{"allow":["GET"]}}],"collection":[{"href":"https:\/\/wordpress.nibis.de\/ass-go\/wp-json\/wp\/v2\/posts"}],"about":[{"href":"https:\/\/wordpress.nibis.de\/ass-go\/wp-json\/wp\/v2\/types\/post"}],"author":[{"embeddable":true,"href":"https:\/\/wordpress.nibis.de\/ass-go\/wp-json\/wp\/v2\/users\/9194276"}],"replies":[{"embeddable":true,"href":"https:\/\/wordpress.nibis.de\/ass-go\/wp-json\/wp\/v2\/comments?post=1850"}],"version-history":[{"count":3,"href":"https:\/\/wordpress.nibis.de\/ass-go\/wp-json\/wp\/v2\/posts\/1850\/revisions"}],"predecessor-version":[{"id":1873,"href":"https:\/\/wordpress.nibis.de\/ass-go\/wp-json\/wp\/v2\/posts\/1850\/revisions\/1873"}],"wp:attachment":[{"href":"https:\/\/wordpress.nibis.de\/ass-go\/wp-json\/wp\/v2\/media?parent=1850"}],"wp:term":[{"taxonomy":"category","embeddable":true,"href":"https:\/\/wordpress.nibis.de\/ass-go\/wp-json\/wp\/v2\/categories?post=1850"},{"taxonomy":"post_tag","embeddable":true,"href":"https:\/\/wordpress.nibis.de\/ass-go\/wp-json\/wp\/v2\/tags?post=1850"}],"curies":[{"name":"wp","href":"https:\/\/api.w.org\/{rel}","templated":true}]}}