{"id":1867,"date":"2025-04-03T16:22:26","date_gmt":"2025-04-03T14:22:26","guid":{"rendered":"https:\/\/wordpress.nibis.de\/ass-go\/?p=1867"},"modified":"2025-04-04T08:30:01","modified_gmt":"2025-04-04T06:30:01","slug":"03-04-2025-magische-schattenwelt-die-1b-begeistert-mit-schattentheater","status":"publish","type":"post","link":"https:\/\/wordpress.nibis.de\/ass-go\/03-04-2025-magische-schattenwelt-die-1b-begeistert-mit-schattentheater\/","title":{"rendered":"03.04. 2025 Magische Schattenwelt: Die 1b begeistert mit Schattentheater"},"content":{"rendered":"\n<p>Am Donnerstag, den 3. April 2025, war es soweit: Die Klasse 1b pr\u00e4sentierte ihrer Patenklasse, der 4b eine besondere Auff\u00fchrung \u2013 ein Schattentheater zu dem Lied &#8222;Der Mond ist aufgegangen&#8220;. Mit viel Eifer und Kreativit\u00e4t hatten die Erstkl\u00e4sslerinnen und Erstkl\u00e4ssler in den vergangenen Wochen ge\u00fcbt, um die stimmungsvollen Szenen passend zur Musik in kleinen Gruppen auf die B\u00fchne zu bringen. Hinter einer beleuchteten Leinwand lie\u00dfen sie mit ihren selbst gebastelten Figuren eine zauberhafte n\u00e4chtliche Landschaft entstehen. Der Mond strahlte hell und B\u00e4ume bewegten sich sanft. Die Sch\u00fclerinnen und Sch\u00fcler der 4b verfolgten die Darbietungen mit gro\u00dfer Begeisterung. Nach jeder Gruppe gab es viel Applaus.<\/p>\n\n\n\n<figure class=\"wp-block-image size-large is-resized is-style-tw-rounded-corners\"><img loading=\"lazy\" decoding=\"async\" src=\"https:\/\/wordpress.nibis.de\/ass-go\/files\/2025\/04\/JPEG-Bild-4001-A3CF-D4-0-1024x609.jpeg\" alt=\"\" class=\"wp-image-1868\" width=\"762\" height=\"453\" srcset=\"https:\/\/wordpress.nibis.de\/ass-go\/files\/2025\/04\/JPEG-Bild-4001-A3CF-D4-0-1024x609.jpeg 1024w, https:\/\/wordpress.nibis.de\/ass-go\/files\/2025\/04\/JPEG-Bild-4001-A3CF-D4-0-300x179.jpeg 300w, https:\/\/wordpress.nibis.de\/ass-go\/files\/2025\/04\/JPEG-Bild-4001-A3CF-D4-0-768x457.jpeg 768w, https:\/\/wordpress.nibis.de\/ass-go\/files\/2025\/04\/JPEG-Bild-4001-A3CF-D4-0-1536x914.jpeg 1536w, https:\/\/wordpress.nibis.de\/ass-go\/files\/2025\/04\/JPEG-Bild-4001-A3CF-D4-0.jpeg 1600w\" sizes=\"auto, (max-width: 762px) 100vw, 762px\" \/><\/figure>\n\n\n\n<figure class=\"wp-block-image size-large is-resized is-style-tw-rounded-corners\"><img loading=\"lazy\" decoding=\"async\" src=\"https:\/\/wordpress.nibis.de\/ass-go\/files\/2025\/04\/JPEG-Bild-46E3-82FD-7A-0-1024x944.jpeg\" alt=\"\" class=\"wp-image-1869\" width=\"757\" height=\"697\" srcset=\"https:\/\/wordpress.nibis.de\/ass-go\/files\/2025\/04\/JPEG-Bild-46E3-82FD-7A-0-1024x944.jpeg 1024w, https:\/\/wordpress.nibis.de\/ass-go\/files\/2025\/04\/JPEG-Bild-46E3-82FD-7A-0-300x277.jpeg 300w, https:\/\/wordpress.nibis.de\/ass-go\/files\/2025\/04\/JPEG-Bild-46E3-82FD-7A-0-768x708.jpeg 768w, https:\/\/wordpress.nibis.de\/ass-go\/files\/2025\/04\/JPEG-Bild-46E3-82FD-7A-0-1536x1416.jpeg 1536w, https:\/\/wordpress.nibis.de\/ass-go\/files\/2025\/04\/JPEG-Bild-46E3-82FD-7A-0.jpeg 1600w\" sizes=\"auto, (max-width: 757px) 100vw, 757px\" \/><\/figure>\n\n\n\n<figure class=\"wp-block-image size-large is-resized is-style-tw-rounded-corners\"><img loading=\"lazy\" decoding=\"async\" src=\"https:\/\/wordpress.nibis.de\/ass-go\/files\/2025\/04\/JPEG-Bild-4E76-94A5-62-0-1024x835.jpeg\" alt=\"\" class=\"wp-image-1870\" width=\"763\" height=\"622\" srcset=\"https:\/\/wordpress.nibis.de\/ass-go\/files\/2025\/04\/JPEG-Bild-4E76-94A5-62-0-1024x835.jpeg 1024w, https:\/\/wordpress.nibis.de\/ass-go\/files\/2025\/04\/JPEG-Bild-4E76-94A5-62-0-300x245.jpeg 300w, https:\/\/wordpress.nibis.de\/ass-go\/files\/2025\/04\/JPEG-Bild-4E76-94A5-62-0-768x626.jpeg 768w, https:\/\/wordpress.nibis.de\/ass-go\/files\/2025\/04\/JPEG-Bild-4E76-94A5-62-0-1536x1252.jpeg 1536w, https:\/\/wordpress.nibis.de\/ass-go\/files\/2025\/04\/JPEG-Bild-4E76-94A5-62-0.jpeg 1600w\" sizes=\"auto, (max-width: 763px) 100vw, 763px\" \/><\/figure>\n","protected":false},"excerpt":{"rendered":"<p>Am Donnerstag, den 3. April 2025, war es soweit: Die Klasse 1b pr\u00e4sentierte ihrer Patenklasse, der 4b eine besondere Auff\u00fchrung \u2013 ein Schattentheater zu dem Lied &#8222;Der Mond ist aufgegangen&#8220;. Mit viel Eifer und Kreativit\u00e4t hatten die Erstkl\u00e4sslerinnen und Erstkl\u00e4ssler in den vergangenen Wochen ge\u00fcbt, um die stimmungsvollen Szenen passend zur Musik in kleinen Gruppen &hellip; <a href=\"https:\/\/wordpress.nibis.de\/ass-go\/03-04-2025-magische-schattenwelt-die-1b-begeistert-mit-schattentheater\/\" class=\"more-link\"><span class=\"screen-reader-text\">03.04. 2025 Magische Schattenwelt: Die 1b begeistert mit Schattentheater<\/span> weiterlesen<\/a><\/p>\n","protected":false},"author":9194276,"featured_media":0,"comment_status":"closed","ping_status":"closed","sticky":false,"template":"","format":"standard","meta":{"footnotes":""},"categories":[13],"tags":[],"class_list":["post-1867","post","type-post","status-publish","format-standard","hentry","category-aktuelle-2024-2025"],"_links":{"self":[{"href":"https:\/\/wordpress.nibis.de\/ass-go\/wp-json\/wp\/v2\/posts\/1867","targetHints":{"allow":["GET"]}}],"collection":[{"href":"https:\/\/wordpress.nibis.de\/ass-go\/wp-json\/wp\/v2\/posts"}],"about":[{"href":"https:\/\/wordpress.nibis.de\/ass-go\/wp-json\/wp\/v2\/types\/post"}],"author":[{"embeddable":true,"href":"https:\/\/wordpress.nibis.de\/ass-go\/wp-json\/wp\/v2\/users\/9194276"}],"replies":[{"embeddable":true,"href":"https:\/\/wordpress.nibis.de\/ass-go\/wp-json\/wp\/v2\/comments?post=1867"}],"version-history":[{"count":3,"href":"https:\/\/wordpress.nibis.de\/ass-go\/wp-json\/wp\/v2\/posts\/1867\/revisions"}],"predecessor-version":[{"id":1879,"href":"https:\/\/wordpress.nibis.de\/ass-go\/wp-json\/wp\/v2\/posts\/1867\/revisions\/1879"}],"wp:attachment":[{"href":"https:\/\/wordpress.nibis.de\/ass-go\/wp-json\/wp\/v2\/media?parent=1867"}],"wp:term":[{"taxonomy":"category","embeddable":true,"href":"https:\/\/wordpress.nibis.de\/ass-go\/wp-json\/wp\/v2\/categories?post=1867"},{"taxonomy":"post_tag","embeddable":true,"href":"https:\/\/wordpress.nibis.de\/ass-go\/wp-json\/wp\/v2\/tags?post=1867"}],"curies":[{"name":"wp","href":"https:\/\/api.w.org\/{rel}","templated":true}]}}