{"id":1883,"date":"2025-04-22T13:32:52","date_gmt":"2025-04-22T11:32:52","guid":{"rendered":"https:\/\/wordpress.nibis.de\/ass-go\/?p=1883"},"modified":"2025-06-03T16:58:00","modified_gmt":"2025-06-03T14:58:00","slug":"22-04-2025-besuch-vom-osterhasen-ein-froehlicher-start-nach-den-ferien","status":"publish","type":"post","link":"https:\/\/wordpress.nibis.de\/ass-go\/22-04-2025-besuch-vom-osterhasen-ein-froehlicher-start-nach-den-ferien\/","title":{"rendered":"22.04.2025 Besuch vom Osterhasen \u2013 Ein fr\u00f6hlicher Start nach den Ferien"},"content":{"rendered":"\n<p>Heute wurde unser Schulgel\u00e4nde von einem ganz besonderen Gast besucht: dem Osterhasen! Mit viel Freude und Begeisterung machten sich alle Klassen auf die gro\u00dfe Ostereiersuche. \u00dcberall auf dem Schulhof wurde eifrig gesucht, gelacht und entdeckt.<\/p>\n\n\n\n<p>Die Kinder waren mit vollem Einsatz dabei \u2013 denn die bunten Eier waren gut versteckt und gar nicht so leicht zu finden. Doch der Einsatz lohnte sich: Am Ende wartete auf jede Klasse ein liebevoll gef\u00fclltes Osterk\u00f6rbchen als Belohnung. Ein rundum gelungener und fr\u00f6hlicher Start nach den Ferien \u2013 danke, lieber Osterhase! Danke lieber F\u00f6rderverein!<\/p>\n\n\n\n<div class=\"wp-block-image is-style-rounded\"><figure class=\"aligncenter size-large is-resized\"><img loading=\"lazy\" decoding=\"async\" src=\"https:\/\/wordpress.nibis.de\/ass-go\/files\/2025\/04\/IMG_1460-1024x544.jpeg\" alt=\"\" class=\"wp-image-1885\" width=\"563\" height=\"299\" srcset=\"https:\/\/wordpress.nibis.de\/ass-go\/files\/2025\/04\/IMG_1460-1024x544.jpeg 1024w, https:\/\/wordpress.nibis.de\/ass-go\/files\/2025\/04\/IMG_1460-300x159.jpeg 300w, https:\/\/wordpress.nibis.de\/ass-go\/files\/2025\/04\/IMG_1460-768x408.jpeg 768w, https:\/\/wordpress.nibis.de\/ass-go\/files\/2025\/04\/IMG_1460-1536x816.jpeg 1536w, https:\/\/wordpress.nibis.de\/ass-go\/files\/2025\/04\/IMG_1460-2048x1088.jpeg 2048w\" sizes=\"auto, (max-width: 563px) 100vw, 563px\" \/><\/figure><\/div>\n\n\n\n<p><\/p>\n\n\n\n<figure class=\"wp-block-image size-large is-style-rounded\"><img loading=\"lazy\" decoding=\"async\" width=\"1024\" height=\"768\" src=\"https:\/\/wordpress.nibis.de\/ass-go\/files\/2025\/04\/IMG_1456-1024x768.jpeg\" alt=\"\" class=\"wp-image-1886\" srcset=\"https:\/\/wordpress.nibis.de\/ass-go\/files\/2025\/04\/IMG_1456-1024x768.jpeg 1024w, https:\/\/wordpress.nibis.de\/ass-go\/files\/2025\/04\/IMG_1456-300x225.jpeg 300w, https:\/\/wordpress.nibis.de\/ass-go\/files\/2025\/04\/IMG_1456-768x576.jpeg 768w, https:\/\/wordpress.nibis.de\/ass-go\/files\/2025\/04\/IMG_1456-1536x1152.jpeg 1536w, https:\/\/wordpress.nibis.de\/ass-go\/files\/2025\/04\/IMG_1456-2048x1536.jpeg 2048w\" sizes=\"auto, (max-width: 1024px) 100vw, 1024px\" \/><\/figure>\n\n\n\n<figure class=\"wp-block-image size-large is-style-rounded\"><img loading=\"lazy\" decoding=\"async\" width=\"1024\" height=\"768\" src=\"https:\/\/wordpress.nibis.de\/ass-go\/files\/2025\/04\/IMG_1455-1024x768.jpeg\" alt=\"\" class=\"wp-image-1888\" srcset=\"https:\/\/wordpress.nibis.de\/ass-go\/files\/2025\/04\/IMG_1455-1024x768.jpeg 1024w, https:\/\/wordpress.nibis.de\/ass-go\/files\/2025\/04\/IMG_1455-300x225.jpeg 300w, https:\/\/wordpress.nibis.de\/ass-go\/files\/2025\/04\/IMG_1455-768x576.jpeg 768w, https:\/\/wordpress.nibis.de\/ass-go\/files\/2025\/04\/IMG_1455-1536x1152.jpeg 1536w, https:\/\/wordpress.nibis.de\/ass-go\/files\/2025\/04\/IMG_1455-2048x1536.jpeg 2048w\" sizes=\"auto, (max-width: 1024px) 100vw, 1024px\" \/><\/figure>\n","protected":false},"excerpt":{"rendered":"<p>Heute wurde unser Schulgel\u00e4nde von einem ganz besonderen Gast besucht: dem Osterhasen! Mit viel Freude und Begeisterung machten sich alle Klassen auf die gro\u00dfe Ostereiersuche. \u00dcberall auf dem Schulhof wurde eifrig gesucht, gelacht und entdeckt. Die Kinder waren mit vollem Einsatz dabei \u2013 denn die bunten Eier waren gut versteckt und gar nicht so leicht &hellip; <a href=\"https:\/\/wordpress.nibis.de\/ass-go\/22-04-2025-besuch-vom-osterhasen-ein-froehlicher-start-nach-den-ferien\/\" class=\"more-link\"><span class=\"screen-reader-text\">22.04.2025 Besuch vom Osterhasen \u2013 Ein fr\u00f6hlicher Start nach den Ferien<\/span> weiterlesen<\/a><\/p>\n","protected":false},"author":9194276,"featured_media":0,"comment_status":"closed","ping_status":"closed","sticky":false,"template":"","format":"standard","meta":{"footnotes":""},"categories":[13],"tags":[],"class_list":["post-1883","post","type-post","status-publish","format-standard","hentry","category-aktuelle-2024-2025"],"_links":{"self":[{"href":"https:\/\/wordpress.nibis.de\/ass-go\/wp-json\/wp\/v2\/posts\/1883","targetHints":{"allow":["GET"]}}],"collection":[{"href":"https:\/\/wordpress.nibis.de\/ass-go\/wp-json\/wp\/v2\/posts"}],"about":[{"href":"https:\/\/wordpress.nibis.de\/ass-go\/wp-json\/wp\/v2\/types\/post"}],"author":[{"embeddable":true,"href":"https:\/\/wordpress.nibis.de\/ass-go\/wp-json\/wp\/v2\/users\/9194276"}],"replies":[{"embeddable":true,"href":"https:\/\/wordpress.nibis.de\/ass-go\/wp-json\/wp\/v2\/comments?post=1883"}],"version-history":[{"count":4,"href":"https:\/\/wordpress.nibis.de\/ass-go\/wp-json\/wp\/v2\/posts\/1883\/revisions"}],"predecessor-version":[{"id":1932,"href":"https:\/\/wordpress.nibis.de\/ass-go\/wp-json\/wp\/v2\/posts\/1883\/revisions\/1932"}],"wp:attachment":[{"href":"https:\/\/wordpress.nibis.de\/ass-go\/wp-json\/wp\/v2\/media?parent=1883"}],"wp:term":[{"taxonomy":"category","embeddable":true,"href":"https:\/\/wordpress.nibis.de\/ass-go\/wp-json\/wp\/v2\/categories?post=1883"},{"taxonomy":"post_tag","embeddable":true,"href":"https:\/\/wordpress.nibis.de\/ass-go\/wp-json\/wp\/v2\/tags?post=1883"}],"curies":[{"name":"wp","href":"https:\/\/api.w.org\/{rel}","templated":true}]}}