{"id":1893,"date":"2025-05-15T13:15:15","date_gmt":"2025-05-15T11:15:15","guid":{"rendered":"https:\/\/wordpress.nibis.de\/ass-go\/?p=1893"},"modified":"2025-05-19T09:55:10","modified_gmt":"2025-05-19T07:55:10","slug":"15-05-2025-grosser-lesewettbewerb-mitreissende-geschichten-und-starke-vorleserinnen-und-vorleser","status":"publish","type":"post","link":"https:\/\/wordpress.nibis.de\/ass-go\/15-05-2025-grosser-lesewettbewerb-mitreissende-geschichten-und-starke-vorleserinnen-und-vorleser\/","title":{"rendered":"15.05.2025 Gro\u00dfer Lesewettbewerb \u2013 mitrei\u00dfende Geschichten und starke Vorleserinnen und Vorleser\u00a0"},"content":{"rendered":"\n<p>Gro\u00dfer Lesewettbewerb an unserer Grundschule \u2013 mitrei\u00dfende Geschichten und starke Vorleserinnen und Vorleser <\/p>\n\n\n\n<p>Auch in diesem Schuljahr war es wieder soweit: Der Lesewettbewerb unserer Grundschule brachte spannende Geschichten, gro\u00dfe Aufregung und beeindruckende Leseleistungen mit sich! <\/p>\n\n\n\n<p>Die Sch\u00fclerinnen und Sch\u00fcler der 1. bis 4. Klassen traten klassenweise gegeneinander an, um ihre Lesefertigkeiten unter Beweis zu stellen. Jede Klassensiegerin und jeder Klassensieger der 2.-4. Jahrg\u00e4nge durfte anschlie\u00dfend vor dem gesamten Jahrgang und einer fachkundigen Jury antreten. Dort wurden zwei Texte gelesen \u2013 ein vorbereiteter Auszug aus einem selbstgew\u00e4hlten Buch sowie ein unbekannter Text, den die Kinder nach kurzem Einlesen vorlesen mussten. <\/p>\n\n\n\n<p>Das war ganz sch\u00f6n aufregend! <\/p>\n\n\n\n<p>Zu den Lekt\u00fcren geh\u00f6rten in diesem Jahr unter anderem Das Sams, Harry Potter, Gregs Tagebuch, Die Geisterhelfer und Das magische Baumhaus. Mit viel Ausdruck, guter Betonung, verstellten Stimmen und sichtbarer Lesefreude nahmen uns die Kinder mit in fantastische Welten, aufregende Abenteuer und lustige Schulgeschichten. <\/p>\n\n\n\n<p>Besonders spannend wurde es im 4. Jahrgang, denn die beiden besten Leserinnen bzw. Leser vertreten unsere Schule nun beim Stadtentscheid. Wir dr\u00fccken ihnen ganz fest die Daumen! <\/p>\n\n\n\n<p>Ein herzliches Dankesch\u00f6n geht an alle Teilnehmerinnen und Teilnehmer f\u00fcr ihren Mut und ihre tollen Leistungen, an die Jury f\u00fcr ihre Unterst\u00fctzung! Wir freuen uns schon auf den n\u00e4chsten Lesewettbewerb \u2013 denn Lesen macht Spa\u00df, schlau und bringt uns zum Tr\u00e4umen!<\/p>\n\n\n\n<figure class=\"wp-block-image size-large is-style-rounded\"><img loading=\"lazy\" decoding=\"async\" width=\"1024\" height=\"768\" src=\"https:\/\/wordpress.nibis.de\/ass-go\/files\/2025\/05\/IMG_1487-1024x768.jpeg\" alt=\"\" class=\"wp-image-1894\" srcset=\"https:\/\/wordpress.nibis.de\/ass-go\/files\/2025\/05\/IMG_1487-1024x768.jpeg 1024w, https:\/\/wordpress.nibis.de\/ass-go\/files\/2025\/05\/IMG_1487-300x225.jpeg 300w, https:\/\/wordpress.nibis.de\/ass-go\/files\/2025\/05\/IMG_1487-768x576.jpeg 768w, https:\/\/wordpress.nibis.de\/ass-go\/files\/2025\/05\/IMG_1487-1536x1152.jpeg 1536w, https:\/\/wordpress.nibis.de\/ass-go\/files\/2025\/05\/IMG_1487-2048x1536.jpeg 2048w\" sizes=\"auto, (max-width: 1024px) 100vw, 1024px\" \/><figcaption>Klassensiegerinnen und -sieger<\/figcaption><\/figure>\n\n\n\n<p><\/p>\n","protected":false},"excerpt":{"rendered":"<p>Gro\u00dfer Lesewettbewerb an unserer Grundschule \u2013 mitrei\u00dfende Geschichten und starke Vorleserinnen und Vorleser Auch in diesem Schuljahr war es wieder soweit: Der Lesewettbewerb unserer Grundschule brachte spannende Geschichten, gro\u00dfe Aufregung und beeindruckende Leseleistungen mit sich! Die Sch\u00fclerinnen und Sch\u00fcler der 1. bis 4. Klassen traten klassenweise gegeneinander an, um ihre Lesefertigkeiten unter Beweis zu stellen. &hellip; <a href=\"https:\/\/wordpress.nibis.de\/ass-go\/15-05-2025-grosser-lesewettbewerb-mitreissende-geschichten-und-starke-vorleserinnen-und-vorleser\/\" class=\"more-link\"><span class=\"screen-reader-text\">15.05.2025 Gro\u00dfer Lesewettbewerb \u2013 mitrei\u00dfende Geschichten und starke Vorleserinnen und Vorleser\u00a0<\/span> weiterlesen<\/a><\/p>\n","protected":false},"author":9194276,"featured_media":0,"comment_status":"closed","ping_status":"closed","sticky":false,"template":"","format":"standard","meta":{"footnotes":""},"categories":[13],"tags":[],"class_list":["post-1893","post","type-post","status-publish","format-standard","hentry","category-aktuelle-2024-2025"],"_links":{"self":[{"href":"https:\/\/wordpress.nibis.de\/ass-go\/wp-json\/wp\/v2\/posts\/1893","targetHints":{"allow":["GET"]}}],"collection":[{"href":"https:\/\/wordpress.nibis.de\/ass-go\/wp-json\/wp\/v2\/posts"}],"about":[{"href":"https:\/\/wordpress.nibis.de\/ass-go\/wp-json\/wp\/v2\/types\/post"}],"author":[{"embeddable":true,"href":"https:\/\/wordpress.nibis.de\/ass-go\/wp-json\/wp\/v2\/users\/9194276"}],"replies":[{"embeddable":true,"href":"https:\/\/wordpress.nibis.de\/ass-go\/wp-json\/wp\/v2\/comments?post=1893"}],"version-history":[{"count":1,"href":"https:\/\/wordpress.nibis.de\/ass-go\/wp-json\/wp\/v2\/posts\/1893\/revisions"}],"predecessor-version":[{"id":1895,"href":"https:\/\/wordpress.nibis.de\/ass-go\/wp-json\/wp\/v2\/posts\/1893\/revisions\/1895"}],"wp:attachment":[{"href":"https:\/\/wordpress.nibis.de\/ass-go\/wp-json\/wp\/v2\/media?parent=1893"}],"wp:term":[{"taxonomy":"category","embeddable":true,"href":"https:\/\/wordpress.nibis.de\/ass-go\/wp-json\/wp\/v2\/categories?post=1893"},{"taxonomy":"post_tag","embeddable":true,"href":"https:\/\/wordpress.nibis.de\/ass-go\/wp-json\/wp\/v2\/tags?post=1893"}],"curies":[{"name":"wp","href":"https:\/\/api.w.org\/{rel}","templated":true}]}}