{"id":1902,"date":"2025-05-24T10:53:15","date_gmt":"2025-05-24T08:53:15","guid":{"rendered":"https:\/\/wordpress.nibis.de\/ass-go\/?p=1902"},"modified":"2025-05-24T11:11:38","modified_gmt":"2025-05-24T09:11:38","slug":"medienkompetenz-im-fokus-spannende-projekttage-fuer-den-4-jahrgang","status":"publish","type":"post","link":"https:\/\/wordpress.nibis.de\/ass-go\/medienkompetenz-im-fokus-spannende-projekttage-fuer-den-4-jahrgang\/","title":{"rendered":"Medienkompetenz im Fokus: Spannende Projekttage f\u00fcr den 4. Jahrgang"},"content":{"rendered":"\n<p>Am Mittwoch, den 21. Mai, und Donnerstag, den 22. Mai, war das Team der Medienschulung bei uns an der Grundschule zu Gast und hat mit den Klassen des vierten Jahrgangs ein wichtiges und aktuelles Thema aufgegriffen: den sicheren Umgang mit digitalen Medien.<\/p>\n\n\n\n<p>Gemeinsam mit den Fachkr\u00e4ften aus dem Team Jugend- und Familienbildung der Region Hannover setzten sich die Kinder intensiv mit der Nutzung bekannter Apps wie WhatsApp, Snapchat und TikTok auseinander. Dabei wurden nicht nur die M\u00f6glichkeiten dieser Plattformen besprochen, sondern vor allem auch die Risiken und Gefahren thematisiert, die mit der Nutzung einhergehen k\u00f6nnen.<\/p>\n\n\n\n<p>Besonders eindrucksvoll waren die Rollenspiele zur Kommunikation im Internet. Hier konnten die Sch\u00fclerinnen und Sch\u00fcler eigene Erfahrungen einbringen und gleichzeitig lernen, wie schnell Missverst\u00e4ndnisse oder unangemessene Situationen im digitalen Raum entstehen k\u00f6nnen. Ein zentrales Thema war auch das Cybermobbing \u2013 wie man es erkennt, wie man damit umgeht und wo man Hilfe bekommt.<\/p>\n\n\n\n<p>Unsere Viertkl\u00e4ssler sind nun hoffentlich mit einem gesch\u00e4rften Bewusstsein f\u00fcr einen verantwortungsvollen Umgang im Internet unterwegs.<\/p>\n\n\n\n<figure class=\"wp-block-image size-large is-resized\"><img loading=\"lazy\" decoding=\"async\" src=\"https:\/\/wordpress.nibis.de\/ass-go\/files\/2025\/05\/Untitled-design-30-1024x646.jpg\" alt=\"\" class=\"wp-image-1906\" width=\"757\" height=\"477\" srcset=\"https:\/\/wordpress.nibis.de\/ass-go\/files\/2025\/05\/Untitled-design-30-1024x646.jpg 1024w, https:\/\/wordpress.nibis.de\/ass-go\/files\/2025\/05\/Untitled-design-30-300x189.jpg 300w, https:\/\/wordpress.nibis.de\/ass-go\/files\/2025\/05\/Untitled-design-30-768x485.jpg 768w, https:\/\/wordpress.nibis.de\/ass-go\/files\/2025\/05\/Untitled-design-30.jpg 1247w\" sizes=\"auto, (max-width: 757px) 100vw, 757px\" \/><\/figure>\n","protected":false},"excerpt":{"rendered":"<p>Am Mittwoch, den 21. Mai, und Donnerstag, den 22. Mai, war das Team der Medienschulung bei uns an der Grundschule zu Gast und hat mit den Klassen des vierten Jahrgangs ein wichtiges und aktuelles Thema aufgegriffen: den sicheren Umgang mit digitalen Medien. Gemeinsam mit den Fachkr\u00e4ften aus dem Team Jugend- und Familienbildung der Region Hannover &hellip; <a href=\"https:\/\/wordpress.nibis.de\/ass-go\/medienkompetenz-im-fokus-spannende-projekttage-fuer-den-4-jahrgang\/\" class=\"more-link\"><span class=\"screen-reader-text\">Medienkompetenz im Fokus: Spannende Projekttage f\u00fcr den 4. Jahrgang<\/span> weiterlesen<\/a><\/p>\n","protected":false},"author":9194276,"featured_media":0,"comment_status":"closed","ping_status":"closed","sticky":false,"template":"","format":"standard","meta":{"footnotes":""},"categories":[1],"tags":[],"class_list":["post-1902","post","type-post","status-publish","format-standard","hentry","category-allgemein"],"_links":{"self":[{"href":"https:\/\/wordpress.nibis.de\/ass-go\/wp-json\/wp\/v2\/posts\/1902","targetHints":{"allow":["GET"]}}],"collection":[{"href":"https:\/\/wordpress.nibis.de\/ass-go\/wp-json\/wp\/v2\/posts"}],"about":[{"href":"https:\/\/wordpress.nibis.de\/ass-go\/wp-json\/wp\/v2\/types\/post"}],"author":[{"embeddable":true,"href":"https:\/\/wordpress.nibis.de\/ass-go\/wp-json\/wp\/v2\/users\/9194276"}],"replies":[{"embeddable":true,"href":"https:\/\/wordpress.nibis.de\/ass-go\/wp-json\/wp\/v2\/comments?post=1902"}],"version-history":[{"count":4,"href":"https:\/\/wordpress.nibis.de\/ass-go\/wp-json\/wp\/v2\/posts\/1902\/revisions"}],"predecessor-version":[{"id":1907,"href":"https:\/\/wordpress.nibis.de\/ass-go\/wp-json\/wp\/v2\/posts\/1902\/revisions\/1907"}],"wp:attachment":[{"href":"https:\/\/wordpress.nibis.de\/ass-go\/wp-json\/wp\/v2\/media?parent=1902"}],"wp:term":[{"taxonomy":"category","embeddable":true,"href":"https:\/\/wordpress.nibis.de\/ass-go\/wp-json\/wp\/v2\/categories?post=1902"},{"taxonomy":"post_tag","embeddable":true,"href":"https:\/\/wordpress.nibis.de\/ass-go\/wp-json\/wp\/v2\/tags?post=1902"}],"curies":[{"name":"wp","href":"https:\/\/api.w.org\/{rel}","templated":true}]}}