{"id":2030,"date":"2025-08-01T08:52:26","date_gmt":"2025-08-01T06:52:26","guid":{"rendered":"https:\/\/wordpress.nibis.de\/ass-go\/?p=2030"},"modified":"2025-08-29T17:17:56","modified_gmt":"2025-08-29T15:17:56","slug":"23-06-2025-ehrungen-am-schuljahresende-wir-feiern-besondere-leistungen","status":"publish","type":"post","link":"https:\/\/wordpress.nibis.de\/ass-go\/23-06-2025-ehrungen-am-schuljahresende-wir-feiern-besondere-leistungen\/","title":{"rendered":"23.06.2025 Ehrungen am Schuljahresende: Wir feiern besondere Leistungen"},"content":{"rendered":"\n<p><\/p>\n\n\n\n<p>In den letzten Schultagen vor den Sommerferien blicken wir als Schulgemeinschaft traditionell auf das zur\u00fcck, was wir gemeinsam erreicht haben, sei es im Unterricht, bei Projekten oder in Wettbewerben. Ein besonderer Moment ist dabei die Ehrung der Sch\u00fclerinnen und Sch\u00fcler, die im Laufe des Schuljahres durch herausragende Leistungen aufgefallen sind.<\/p>\n\n\n\n<p><strong>Im Rahmen eines gemeinsamen Forums haben wir in diesem Jahr folgende Ehrungen vorgenommen:<\/strong><\/p>\n\n\n\n<p><strong>Fachbereich Sport<\/strong><\/p>\n\n\n\n<p>Besonders gew\u00fcrdigt wurden die Kinder, die bei den diesj\u00e4hrigen Bundesjugendspielen eine Ehrenurkunde erhalten haben. Die jeweils Jahrgangsbesten wurden zus\u00e4tzlich mit einer Medaille ausgezeichnet.<\/p>\n\n\n\n<p>Ein besonderer H\u00f6hepunkt war die Auszeichnung des 4. Jahrgangs: Sie erhielten einen Pokal, \u00fcberreicht von Dennis Yaghobi, einem Vertreter des Landesschwimmverbands Niedersachsen (LSN), f\u00fcr ihre erfolgreiche und starke Teilnahme am Wettbewerb \u201eNiedersachsen schwimmt\u201c.<\/p>\n\n\n\n<p><strong>Fachbereich Mathematik<\/strong><\/p>\n\n\n\n<p>Auch im Bereich Mathematik gab es starke Leistungen zu feiern. Kinder, die bei der Mathematik-Olympiade besonders weit gekommen sind, wurden geehrt.<\/p>\n\n\n\n<p>Ein Sch\u00fcler aus dem 3. Jahrgang erhielt eine besondere Auszeichnung f\u00fcr seinen 3. Platz auf Landesebene in Niedersachsen \u2013 eine herausragende Leistung, zu der wir herzlich gratulieren!<\/p>\n\n\n\n<p><strong>Fachbereich Deutsch<\/strong><\/p>\n\n\n\n<p>Im Fach Deutsch wurden die Sch\u00fclerinnen und Sch\u00fcler ausgezeichnet, die am diesj\u00e4hrigen Lesewettbewerb teilgenommen und es bis zum st\u00e4dtischen Entscheid geschafft haben. Ihre Lesebegeisterung und ihr K\u00f6nnen verdienen besondere Anerkennung.<\/p>\n\n\n\n<p>Wir gratulieren allen Geehrten herzlich und sind stolz auf die Leistungen, die ihr in diesem Schuljahr erbracht habt. Es ist immer wieder beeindruckend zu sehen, mit welchem Engagement und welcher Freude unsere Sch\u00fclerinnen und Sch\u00fcler dabei sind. Weiter so!<\/p>\n","protected":false},"excerpt":{"rendered":"<p>In den letzten Schultagen vor den Sommerferien blicken wir als Schulgemeinschaft traditionell auf das zur\u00fcck, was wir gemeinsam erreicht haben, sei es im Unterricht, bei Projekten oder in Wettbewerben. Ein besonderer Moment ist dabei die Ehrung der Sch\u00fclerinnen und Sch\u00fcler, die im Laufe des Schuljahres durch herausragende Leistungen aufgefallen sind. Im Rahmen eines gemeinsamen Forums &hellip; <a href=\"https:\/\/wordpress.nibis.de\/ass-go\/23-06-2025-ehrungen-am-schuljahresende-wir-feiern-besondere-leistungen\/\" class=\"more-link\"><span class=\"screen-reader-text\">23.06.2025 Ehrungen am Schuljahresende: Wir feiern besondere Leistungen<\/span> weiterlesen<\/a><\/p>\n","protected":false},"author":9194276,"featured_media":0,"comment_status":"closed","ping_status":"closed","sticky":false,"template":"","format":"standard","meta":{"footnotes":""},"categories":[13],"tags":[],"class_list":["post-2030","post","type-post","status-publish","format-standard","hentry","category-aktuelle-2024-2025"],"_links":{"self":[{"href":"https:\/\/wordpress.nibis.de\/ass-go\/wp-json\/wp\/v2\/posts\/2030","targetHints":{"allow":["GET"]}}],"collection":[{"href":"https:\/\/wordpress.nibis.de\/ass-go\/wp-json\/wp\/v2\/posts"}],"about":[{"href":"https:\/\/wordpress.nibis.de\/ass-go\/wp-json\/wp\/v2\/types\/post"}],"author":[{"embeddable":true,"href":"https:\/\/wordpress.nibis.de\/ass-go\/wp-json\/wp\/v2\/users\/9194276"}],"replies":[{"embeddable":true,"href":"https:\/\/wordpress.nibis.de\/ass-go\/wp-json\/wp\/v2\/comments?post=2030"}],"version-history":[{"count":2,"href":"https:\/\/wordpress.nibis.de\/ass-go\/wp-json\/wp\/v2\/posts\/2030\/revisions"}],"predecessor-version":[{"id":2055,"href":"https:\/\/wordpress.nibis.de\/ass-go\/wp-json\/wp\/v2\/posts\/2030\/revisions\/2055"}],"wp:attachment":[{"href":"https:\/\/wordpress.nibis.de\/ass-go\/wp-json\/wp\/v2\/media?parent=2030"}],"wp:term":[{"taxonomy":"category","embeddable":true,"href":"https:\/\/wordpress.nibis.de\/ass-go\/wp-json\/wp\/v2\/categories?post=2030"},{"taxonomy":"post_tag","embeddable":true,"href":"https:\/\/wordpress.nibis.de\/ass-go\/wp-json\/wp\/v2\/tags?post=2030"}],"curies":[{"name":"wp","href":"https:\/\/api.w.org\/{rel}","templated":true}]}}