{"id":2048,"date":"2025-08-29T16:13:06","date_gmt":"2025-08-29T14:13:06","guid":{"rendered":"https:\/\/wordpress.nibis.de\/ass-go\/?p=2048"},"modified":"2025-08-31T15:44:32","modified_gmt":"2025-08-31T13:44:32","slug":"29-08-2025-freiday-so-war-der-start","status":"publish","type":"post","link":"https:\/\/wordpress.nibis.de\/ass-go\/29-08-2025-freiday-so-war-der-start\/","title":{"rendered":"29.08.2025 FREI DAY &#8211; so war der Start"},"content":{"rendered":"\n<p><\/p>\n\n\n\n<div class=\"wp-block-image is-style-rounded\"><figure class=\"aligncenter size-large is-resized\"><img loading=\"lazy\" decoding=\"async\" src=\"https:\/\/wordpress.nibis.de\/ass-go\/files\/2025\/08\/IMG_0286-compressed-1024x768.jpeg\" alt=\"\" class=\"wp-image-2049\" width=\"508\" height=\"381\" srcset=\"https:\/\/wordpress.nibis.de\/ass-go\/files\/2025\/08\/IMG_0286-compressed-1024x768.jpeg 1024w, https:\/\/wordpress.nibis.de\/ass-go\/files\/2025\/08\/IMG_0286-compressed-300x225.jpeg 300w, https:\/\/wordpress.nibis.de\/ass-go\/files\/2025\/08\/IMG_0286-compressed-768x576.jpeg 768w, https:\/\/wordpress.nibis.de\/ass-go\/files\/2025\/08\/IMG_0286-compressed.jpeg 1499w\" sizes=\"auto, (max-width: 508px) 100vw, 508px\" \/><\/figure><\/div>\n\n\n\n<p>Heute sind die Sch\u00fclerinnen und Sch\u00fcler des 3. und 4. Jahrgangs zum ersten Mal in unseren FREI DAY gestartet. Nach einer gemeinsamen Einf\u00fchrung zur Arbeitsweise und Zielsetzung dieses besonderen Projekts ging es direkt los: Erste Recherchen und Brainstormings standen auf dem Programm. <\/p>\n\n\n\n<p>Am &#8211; in Zukunft w\u00f6chentlich stattfindenden &#8211; FREI DAY arbeiten die Kinder selbstgesteuert zu nachhaltigen Themen, die sie interessieren und bewegen. Dabei gilt eine wichtige Vorgabe: Jedes von den Sch\u00fclerinnen und Sch\u00fclern gew\u00e4hlte Thema muss sich an den 17 Nachhaltigkeitszielen der UN orientieren. <\/p>\n\n\n\n<p>Ein zentraler Bestandteil f\u00fcr die Recherche wird die gro\u00dfe B\u00fccherkiste sein, die dank der Finanzierung durch unseren F\u00f6rderverein angeschafft werden kann. Sie bietet den Kindern wertvolle Anregungen und Hintergrundwissen f\u00fcr ihre Arbeit.<\/p>\n\n\n\n<p>Der erste FREI DAY verging wie im Flug. Das Fazit: Alle freuen sich schon jetzt darauf, am kommenden Freitag ihre Ideen weiterzuentwickeln.<\/p>\n","protected":false},"excerpt":{"rendered":"<p>Heute sind die Sch\u00fclerinnen und Sch\u00fcler des 3. und 4. Jahrgangs zum ersten Mal in unseren FREI DAY gestartet. Nach einer gemeinsamen Einf\u00fchrung zur Arbeitsweise und Zielsetzung dieses besonderen Projekts ging es direkt los: Erste Recherchen und Brainstormings standen auf dem Programm. Am &#8211; in Zukunft w\u00f6chentlich stattfindenden &#8211; FREI DAY arbeiten die Kinder selbstgesteuert &hellip; <a href=\"https:\/\/wordpress.nibis.de\/ass-go\/29-08-2025-freiday-so-war-der-start\/\" class=\"more-link\"><span class=\"screen-reader-text\">29.08.2025 FREI DAY &#8211; so war der Start<\/span> weiterlesen<\/a><\/p>\n","protected":false},"author":9194276,"featured_media":0,"comment_status":"closed","ping_status":"closed","sticky":false,"template":"","format":"standard","meta":{"footnotes":""},"categories":[15],"tags":[],"class_list":["post-2048","post","type-post","status-publish","format-standard","hentry","category-aktuelles-2025-26"],"_links":{"self":[{"href":"https:\/\/wordpress.nibis.de\/ass-go\/wp-json\/wp\/v2\/posts\/2048","targetHints":{"allow":["GET"]}}],"collection":[{"href":"https:\/\/wordpress.nibis.de\/ass-go\/wp-json\/wp\/v2\/posts"}],"about":[{"href":"https:\/\/wordpress.nibis.de\/ass-go\/wp-json\/wp\/v2\/types\/post"}],"author":[{"embeddable":true,"href":"https:\/\/wordpress.nibis.de\/ass-go\/wp-json\/wp\/v2\/users\/9194276"}],"replies":[{"embeddable":true,"href":"https:\/\/wordpress.nibis.de\/ass-go\/wp-json\/wp\/v2\/comments?post=2048"}],"version-history":[{"count":2,"href":"https:\/\/wordpress.nibis.de\/ass-go\/wp-json\/wp\/v2\/posts\/2048\/revisions"}],"predecessor-version":[{"id":2057,"href":"https:\/\/wordpress.nibis.de\/ass-go\/wp-json\/wp\/v2\/posts\/2048\/revisions\/2057"}],"wp:attachment":[{"href":"https:\/\/wordpress.nibis.de\/ass-go\/wp-json\/wp\/v2\/media?parent=2048"}],"wp:term":[{"taxonomy":"category","embeddable":true,"href":"https:\/\/wordpress.nibis.de\/ass-go\/wp-json\/wp\/v2\/categories?post=2048"},{"taxonomy":"post_tag","embeddable":true,"href":"https:\/\/wordpress.nibis.de\/ass-go\/wp-json\/wp\/v2\/tags?post=2048"}],"curies":[{"name":"wp","href":"https:\/\/api.w.org\/{rel}","templated":true}]}}