{"id":2059,"date":"2025-09-12T15:24:56","date_gmt":"2025-09-12T13:24:56","guid":{"rendered":"https:\/\/wordpress.nibis.de\/ass-go\/?p=2059"},"modified":"2025-09-12T19:34:51","modified_gmt":"2025-09-12T17:34:51","slug":"12-09-2025-das-roller-fit-mobil-ist-da","status":"publish","type":"post","link":"https:\/\/wordpress.nibis.de\/ass-go\/12-09-2025-das-roller-fit-mobil-ist-da\/","title":{"rendered":"12.09.2025 Das Roller Fit-Mobil ist da!"},"content":{"rendered":"\n<p>F\u00fcr zwei Wochen macht das Rollerfit-Mobil Halt an unserer Schule.<\/p>\n\n\n\n<p>Dank der Unterst\u00fctzung von OLIMA Sport und dem ADAC k\u00f6nnen unsere Sch\u00fclerinnen und Sch\u00fcler praxisnah die Themen Bewegung, Gesundheit, Umwelt und Verkehrserziehung erleben.<\/p>\n\n\n\n<p>Wir freuen uns auf viele spannende Stunden mit den Rollern auf unserem Schulgel\u00e4nde!<\/p>\n\n\n\n<p><\/p>\n\n\n\n<div class=\"wp-block-image is-style-rounded\"><figure class=\"aligncenter size-large is-resized\"><img loading=\"lazy\" decoding=\"async\" src=\"https:\/\/wordpress.nibis.de\/ass-go\/files\/2025\/09\/IMG_0907-compressed-1024x768.jpeg\" alt=\"\" class=\"wp-image-2060\" width=\"485\" height=\"364\" srcset=\"https:\/\/wordpress.nibis.de\/ass-go\/files\/2025\/09\/IMG_0907-compressed-1024x768.jpeg 1024w, https:\/\/wordpress.nibis.de\/ass-go\/files\/2025\/09\/IMG_0907-compressed-300x225.jpeg 300w, https:\/\/wordpress.nibis.de\/ass-go\/files\/2025\/09\/IMG_0907-compressed-768x576.jpeg 768w, https:\/\/wordpress.nibis.de\/ass-go\/files\/2025\/09\/IMG_0907-compressed.jpeg 1512w\" sizes=\"auto, (max-width: 485px) 100vw, 485px\" \/><\/figure><\/div>\n","protected":false},"excerpt":{"rendered":"<p>F\u00fcr zwei Wochen macht das Rollerfit-Mobil Halt an unserer Schule. Dank der Unterst\u00fctzung von OLIMA Sport und dem ADAC k\u00f6nnen unsere Sch\u00fclerinnen und Sch\u00fcler praxisnah die Themen Bewegung, Gesundheit, Umwelt und Verkehrserziehung erleben. Wir freuen uns auf viele spannende Stunden mit den Rollern auf unserem Schulgel\u00e4nde!<\/p>\n","protected":false},"author":9194276,"featured_media":0,"comment_status":"closed","ping_status":"closed","sticky":false,"template":"","format":"standard","meta":{"footnotes":""},"categories":[15],"tags":[],"class_list":["post-2059","post","type-post","status-publish","format-standard","hentry","category-aktuelles-2025-26"],"_links":{"self":[{"href":"https:\/\/wordpress.nibis.de\/ass-go\/wp-json\/wp\/v2\/posts\/2059","targetHints":{"allow":["GET"]}}],"collection":[{"href":"https:\/\/wordpress.nibis.de\/ass-go\/wp-json\/wp\/v2\/posts"}],"about":[{"href":"https:\/\/wordpress.nibis.de\/ass-go\/wp-json\/wp\/v2\/types\/post"}],"author":[{"embeddable":true,"href":"https:\/\/wordpress.nibis.de\/ass-go\/wp-json\/wp\/v2\/users\/9194276"}],"replies":[{"embeddable":true,"href":"https:\/\/wordpress.nibis.de\/ass-go\/wp-json\/wp\/v2\/comments?post=2059"}],"version-history":[{"count":1,"href":"https:\/\/wordpress.nibis.de\/ass-go\/wp-json\/wp\/v2\/posts\/2059\/revisions"}],"predecessor-version":[{"id":2061,"href":"https:\/\/wordpress.nibis.de\/ass-go\/wp-json\/wp\/v2\/posts\/2059\/revisions\/2061"}],"wp:attachment":[{"href":"https:\/\/wordpress.nibis.de\/ass-go\/wp-json\/wp\/v2\/media?parent=2059"}],"wp:term":[{"taxonomy":"category","embeddable":true,"href":"https:\/\/wordpress.nibis.de\/ass-go\/wp-json\/wp\/v2\/categories?post=2059"},{"taxonomy":"post_tag","embeddable":true,"href":"https:\/\/wordpress.nibis.de\/ass-go\/wp-json\/wp\/v2\/tags?post=2059"}],"curies":[{"name":"wp","href":"https:\/\/api.w.org\/{rel}","templated":true}]}}