{"id":2087,"date":"2025-10-13T09:19:05","date_gmt":"2025-10-13T07:19:05","guid":{"rendered":"https:\/\/wordpress.nibis.de\/ass-go\/?p=2087"},"modified":"2025-10-13T09:20:45","modified_gmt":"2025-10-13T07:20:45","slug":"10-10-25-herbstforum-klangvoll-in-den-herbst","status":"publish","type":"post","link":"https:\/\/wordpress.nibis.de\/ass-go\/10-10-25-herbstforum-klangvoll-in-den-herbst\/","title":{"rendered":"10.10.2025 Herbstforum &#8211; klangvoll in den Herbst"},"content":{"rendered":"\n<p><\/p>\n\n\n\n<p>Am 10. Oktober fand an unserer Schule das traditionelle Herbstforum statt. Besonders beeindruckend war, dass bereits die Kleinsten mit kraftvollen Liedern auf der B\u00fchne standen. So wurde ein Lied \u00fcber das Mutigsein gesungen und ein energiegeladenes Dschungellied pr\u00e4sentiert, das das Publikum sofort zum Mitsingen einlud.<\/p>\n\n\n\n<p>Weitere Beitr\u00e4ge rundeten das Programm ab: Ein schwungvoller Herbst-Rock\u2019n\u2019Roll, begleitet von zahlreichen Instrumenten, sorgte f\u00fcr Begeisterung. Eine mitrei\u00dfende Bodypercussion und weitere musikalische Darbietungen zeigten das gro\u00dfe Engagement und die Freude unserer Sch\u00fclerinnen und Sch\u00fcler am gemeinsamen Musizieren und Gestalten.<\/p>\n\n\n\n<p>Mit dieser stimmungsvollen Energie haben wir unsere Schulgemeinschaft in die wohlverdienten Herbstferien verabschiedet \u2013 und w\u00fcnschen allen Kindern, Eltern und Lehrkr\u00e4ften eine erholsame und gesunde Herbstzeit.<\/p>\n","protected":false},"excerpt":{"rendered":"<p>Am 10. Oktober fand an unserer Schule das traditionelle Herbstforum statt. Besonders beeindruckend war, dass bereits die Kleinsten mit kraftvollen Liedern auf der B\u00fchne standen. So wurde ein Lied \u00fcber das Mutigsein gesungen und ein energiegeladenes Dschungellied pr\u00e4sentiert, das das Publikum sofort zum Mitsingen einlud. Weitere Beitr\u00e4ge rundeten das Programm ab: Ein schwungvoller Herbst-Rock\u2019n\u2019Roll, begleitet &hellip; <a href=\"https:\/\/wordpress.nibis.de\/ass-go\/10-10-25-herbstforum-klangvoll-in-den-herbst\/\" class=\"more-link\"><span class=\"screen-reader-text\">10.10.2025 Herbstforum &#8211; klangvoll in den Herbst<\/span> weiterlesen<\/a><\/p>\n","protected":false},"author":9194276,"featured_media":0,"comment_status":"closed","ping_status":"closed","sticky":false,"template":"","format":"standard","meta":{"footnotes":""},"categories":[15],"tags":[],"class_list":["post-2087","post","type-post","status-publish","format-standard","hentry","category-aktuelles-2025-26"],"_links":{"self":[{"href":"https:\/\/wordpress.nibis.de\/ass-go\/wp-json\/wp\/v2\/posts\/2087","targetHints":{"allow":["GET"]}}],"collection":[{"href":"https:\/\/wordpress.nibis.de\/ass-go\/wp-json\/wp\/v2\/posts"}],"about":[{"href":"https:\/\/wordpress.nibis.de\/ass-go\/wp-json\/wp\/v2\/types\/post"}],"author":[{"embeddable":true,"href":"https:\/\/wordpress.nibis.de\/ass-go\/wp-json\/wp\/v2\/users\/9194276"}],"replies":[{"embeddable":true,"href":"https:\/\/wordpress.nibis.de\/ass-go\/wp-json\/wp\/v2\/comments?post=2087"}],"version-history":[{"count":2,"href":"https:\/\/wordpress.nibis.de\/ass-go\/wp-json\/wp\/v2\/posts\/2087\/revisions"}],"predecessor-version":[{"id":2089,"href":"https:\/\/wordpress.nibis.de\/ass-go\/wp-json\/wp\/v2\/posts\/2087\/revisions\/2089"}],"wp:attachment":[{"href":"https:\/\/wordpress.nibis.de\/ass-go\/wp-json\/wp\/v2\/media?parent=2087"}],"wp:term":[{"taxonomy":"category","embeddable":true,"href":"https:\/\/wordpress.nibis.de\/ass-go\/wp-json\/wp\/v2\/categories?post=2087"},{"taxonomy":"post_tag","embeddable":true,"href":"https:\/\/wordpress.nibis.de\/ass-go\/wp-json\/wp\/v2\/tags?post=2087"}],"curies":[{"name":"wp","href":"https:\/\/api.w.org\/{rel}","templated":true}]}}