{"id":2092,"date":"2025-12-04T07:37:38","date_gmt":"2025-12-04T06:37:38","guid":{"rendered":"https:\/\/wordpress.nibis.de\/ass-go\/?p=2092"},"modified":"2025-12-04T07:52:23","modified_gmt":"2025-12-04T06:52:23","slug":"14-11-2025-handball-aktionstag","status":"publish","type":"post","link":"https:\/\/wordpress.nibis.de\/ass-go\/14-11-2025-handball-aktionstag\/","title":{"rendered":"14.11.2025 Handball-Aktionstag"},"content":{"rendered":"\n<p><\/p>\n\n\n\n<p>Am 14.11. stand wieder alles im Zeichen des kleinen runden Balls. Dank der sehr guten Organisation durch Gerd K\u00f6hler vom HVB wurde der Handball-Aktionstag erneut ein voller Erfolg. Die Jahrg\u00e4nge 3 und 4 spielten ein Mini-Turnier und absolvierten zudem verschiedene Stationen, um ihre Geschicklichkeit zu schulen.<\/p>\n\n\n\n<p>Die Kinder waren mit gro\u00dfem Einsatz dabei. Viele entdeckten dabei sogar ihre Begeisterung f\u00fcr den Handball und spielen inzwischen jedes Wochenende in der Grundschulliga in der Gl\u00fcck-Auf-Halle.<\/p>\n\n\n\n<p>Im Januar geht es weiter mit einem grundschul\u00fcbergreifenden Turnier. Wir freuen uns jetzt schon darauf.<\/p>\n\n\n\n<figure class=\"wp-block-image size-large is-style-rounded\"><img loading=\"lazy\" decoding=\"async\" width=\"1024\" height=\"398\" src=\"https:\/\/wordpress.nibis.de\/ass-go\/files\/2025\/12\/FullSizeRender-compressed-1024x398.jpeg\" alt=\"\" class=\"wp-image-2093\" srcset=\"https:\/\/wordpress.nibis.de\/ass-go\/files\/2025\/12\/FullSizeRender-compressed-1024x398.jpeg 1024w, https:\/\/wordpress.nibis.de\/ass-go\/files\/2025\/12\/FullSizeRender-compressed-300x117.jpeg 300w, https:\/\/wordpress.nibis.de\/ass-go\/files\/2025\/12\/FullSizeRender-compressed-768x299.jpeg 768w, https:\/\/wordpress.nibis.de\/ass-go\/files\/2025\/12\/FullSizeRender-compressed.jpeg 1147w\" sizes=\"auto, (max-width: 1024px) 100vw, 1024px\" \/><\/figure>\n","protected":false},"excerpt":{"rendered":"<p>Am 14.11. stand wieder alles im Zeichen des kleinen runden Balls. Dank der sehr guten Organisation durch Gerd K\u00f6hler vom HVB wurde der Handball-Aktionstag erneut ein voller Erfolg. Die Jahrg\u00e4nge 3 und 4 spielten ein Mini-Turnier und absolvierten zudem verschiedene Stationen, um ihre Geschicklichkeit zu schulen. Die Kinder waren mit gro\u00dfem Einsatz dabei. Viele entdeckten &hellip; <a href=\"https:\/\/wordpress.nibis.de\/ass-go\/14-11-2025-handball-aktionstag\/\" class=\"more-link\"><span class=\"screen-reader-text\">14.11.2025 Handball-Aktionstag<\/span> weiterlesen<\/a><\/p>\n","protected":false},"author":9194276,"featured_media":0,"comment_status":"closed","ping_status":"closed","sticky":false,"template":"","format":"standard","meta":{"footnotes":""},"categories":[15],"tags":[],"class_list":["post-2092","post","type-post","status-publish","format-standard","hentry","category-aktuelles-2025-26"],"_links":{"self":[{"href":"https:\/\/wordpress.nibis.de\/ass-go\/wp-json\/wp\/v2\/posts\/2092","targetHints":{"allow":["GET"]}}],"collection":[{"href":"https:\/\/wordpress.nibis.de\/ass-go\/wp-json\/wp\/v2\/posts"}],"about":[{"href":"https:\/\/wordpress.nibis.de\/ass-go\/wp-json\/wp\/v2\/types\/post"}],"author":[{"embeddable":true,"href":"https:\/\/wordpress.nibis.de\/ass-go\/wp-json\/wp\/v2\/users\/9194276"}],"replies":[{"embeddable":true,"href":"https:\/\/wordpress.nibis.de\/ass-go\/wp-json\/wp\/v2\/comments?post=2092"}],"version-history":[{"count":1,"href":"https:\/\/wordpress.nibis.de\/ass-go\/wp-json\/wp\/v2\/posts\/2092\/revisions"}],"predecessor-version":[{"id":2094,"href":"https:\/\/wordpress.nibis.de\/ass-go\/wp-json\/wp\/v2\/posts\/2092\/revisions\/2094"}],"wp:attachment":[{"href":"https:\/\/wordpress.nibis.de\/ass-go\/wp-json\/wp\/v2\/media?parent=2092"}],"wp:term":[{"taxonomy":"category","embeddable":true,"href":"https:\/\/wordpress.nibis.de\/ass-go\/wp-json\/wp\/v2\/categories?post=2092"},{"taxonomy":"post_tag","embeddable":true,"href":"https:\/\/wordpress.nibis.de\/ass-go\/wp-json\/wp\/v2\/tags?post=2092"}],"curies":[{"name":"wp","href":"https:\/\/api.w.org\/{rel}","templated":true}]}}