{"id":2099,"date":"2025-12-04T08:07:41","date_gmt":"2025-12-04T07:07:41","guid":{"rendered":"https:\/\/wordpress.nibis.de\/ass-go\/?p=2099"},"modified":"2025-12-04T08:07:51","modified_gmt":"2025-12-04T07:07:51","slug":"24-11-2025-bundesweiter-vorlesetag-wir-machen-mit","status":"publish","type":"post","link":"https:\/\/wordpress.nibis.de\/ass-go\/24-11-2025-bundesweiter-vorlesetag-wir-machen-mit\/","title":{"rendered":"24.11.2025 Bundesweiter Vorlesetag &#8211; Wir machen mit."},"content":{"rendered":"\n<p>Am 24.11. haben wir uns als Schule erneut an der bundesweiten Vorleseaktion beteiligt. Den Bundesweiten Vorlesetag gibt es seit 2004, und seine Beliebtheit w\u00e4chst jedes Jahr weiter. Vorlesen ist ein zentraler Baustein in der kindlichen Entwicklung, daher nehmen wir regelm\u00e4\u00dfig und gerne an dieser Aktion teil.<\/p>\n\n\n\n<p>Die Kinder konnten aus zehn Vorleseangeboten ihre Lieblingsgeschichte w\u00e4hlen. Danach wurde es h\u00f6rbar still im Schulgeb\u00e4ude denn \u00fcberall wurde vorgelesen, und die Kinder lauschten konzentriert den Geschichten. Wenn nach 45 Minuten alle finden, dass die Zeit viel zu schnell vergangen ist, zeigt das einmal mehr, wie gerne Kinder zuh\u00f6ren und in Fantasiewelten eintauchen.<\/p>\n\n\n\n<p>Wir freuen uns, dass wir mit dieser Aktion wieder viele Kinder erreicht haben, der Andrang in der Schulb\u00fccherei ist danach sp\u00fcrbar gestiegen.<\/p>\n","protected":false},"excerpt":{"rendered":"<p>Am 24.11. haben wir uns als Schule erneut an der bundesweiten Vorleseaktion beteiligt. Den Bundesweiten Vorlesetag gibt es seit 2004, und seine Beliebtheit w\u00e4chst jedes Jahr weiter. Vorlesen ist ein zentraler Baustein in der kindlichen Entwicklung, daher nehmen wir regelm\u00e4\u00dfig und gerne an dieser Aktion teil. Die Kinder konnten aus zehn Vorleseangeboten ihre Lieblingsgeschichte w\u00e4hlen. &hellip; <a href=\"https:\/\/wordpress.nibis.de\/ass-go\/24-11-2025-bundesweiter-vorlesetag-wir-machen-mit\/\" class=\"more-link\"><span class=\"screen-reader-text\">24.11.2025 Bundesweiter Vorlesetag &#8211; Wir machen mit.<\/span> weiterlesen<\/a><\/p>\n","protected":false},"author":9194276,"featured_media":0,"comment_status":"closed","ping_status":"closed","sticky":false,"template":"","format":"standard","meta":{"footnotes":""},"categories":[15],"tags":[],"class_list":["post-2099","post","type-post","status-publish","format-standard","hentry","category-aktuelles-2025-26"],"_links":{"self":[{"href":"https:\/\/wordpress.nibis.de\/ass-go\/wp-json\/wp\/v2\/posts\/2099","targetHints":{"allow":["GET"]}}],"collection":[{"href":"https:\/\/wordpress.nibis.de\/ass-go\/wp-json\/wp\/v2\/posts"}],"about":[{"href":"https:\/\/wordpress.nibis.de\/ass-go\/wp-json\/wp\/v2\/types\/post"}],"author":[{"embeddable":true,"href":"https:\/\/wordpress.nibis.de\/ass-go\/wp-json\/wp\/v2\/users\/9194276"}],"replies":[{"embeddable":true,"href":"https:\/\/wordpress.nibis.de\/ass-go\/wp-json\/wp\/v2\/comments?post=2099"}],"version-history":[{"count":1,"href":"https:\/\/wordpress.nibis.de\/ass-go\/wp-json\/wp\/v2\/posts\/2099\/revisions"}],"predecessor-version":[{"id":2100,"href":"https:\/\/wordpress.nibis.de\/ass-go\/wp-json\/wp\/v2\/posts\/2099\/revisions\/2100"}],"wp:attachment":[{"href":"https:\/\/wordpress.nibis.de\/ass-go\/wp-json\/wp\/v2\/media?parent=2099"}],"wp:term":[{"taxonomy":"category","embeddable":true,"href":"https:\/\/wordpress.nibis.de\/ass-go\/wp-json\/wp\/v2\/categories?post=2099"},{"taxonomy":"post_tag","embeddable":true,"href":"https:\/\/wordpress.nibis.de\/ass-go\/wp-json\/wp\/v2\/tags?post=2099"}],"curies":[{"name":"wp","href":"https:\/\/api.w.org\/{rel}","templated":true}]}}