{"id":2102,"date":"2025-12-04T08:19:20","date_gmt":"2025-12-04T07:19:20","guid":{"rendered":"https:\/\/wordpress.nibis.de\/ass-go\/?p=2102"},"modified":"2025-12-04T08:19:32","modified_gmt":"2025-12-04T07:19:32","slug":"28-11-2025-grosses-schulfruehstueck","status":"publish","type":"post","link":"https:\/\/wordpress.nibis.de\/ass-go\/28-11-2025-grosses-schulfruehstueck\/","title":{"rendered":"28.11.2025  Gro\u00dfes Schulfr\u00fchst\u00fcck"},"content":{"rendered":"\n<p>Heute war es wieder soweit und unser gro\u00dfes Schulfr\u00fchst\u00fcck stand an. Vorbereitet vom dritten Jahrgang, der mit viel Liebe und Sorgfalt f\u00fcr die gesamte Schulfamilie gearbeitet hat, damit wir als Einheit gemeinsam fr\u00fchst\u00fccken k\u00f6nnen. Mit Unterst\u00fctzung engagierter Eltern entstanden beeindruckende Platten mit Obst, Gem\u00fcse und belegten Broten. Alles war liebevoll angerichtet und beschriftet, damit jedes Kind sehen konnte, was angeboten wurde.<\/p>\n\n\n\n<p>F\u00fcr uns als Schule ist dieses gemeinsame Fr\u00fchst\u00fcck jedes Mal ein besonderes Highlight. Der ausrichtende Jahrgang \u00fcbernimmt dabei eine verantwortungsvolle Aufgabe: planen, organisieren, vorbereiten, die Essensst\u00e4nde betreuen und vor allem den j\u00fcngeren Kindern helfen, das Passende auf den Teller zu bekommen. Der Stolz der Kinder war deutlich sp\u00fcrbar.<\/p>\n\n\n\n<p>Auch diesmal war das Fr\u00fchst\u00fcck ein voller Erfolg und vorallem lecker, abwechslungsreich und am Ende komplett aufgegessen. Wir freuen uns schon jetzt auf das n\u00e4chste gro\u00dfe Schulfr\u00fchst\u00fcck.<\/p>\n","protected":false},"excerpt":{"rendered":"<p>Heute war es wieder soweit und unser gro\u00dfes Schulfr\u00fchst\u00fcck stand an. Vorbereitet vom dritten Jahrgang, der mit viel Liebe und Sorgfalt f\u00fcr die gesamte Schulfamilie gearbeitet hat, damit wir als Einheit gemeinsam fr\u00fchst\u00fccken k\u00f6nnen. Mit Unterst\u00fctzung engagierter Eltern entstanden beeindruckende Platten mit Obst, Gem\u00fcse und belegten Broten. Alles war liebevoll angerichtet und beschriftet, damit jedes &hellip; <a href=\"https:\/\/wordpress.nibis.de\/ass-go\/28-11-2025-grosses-schulfruehstueck\/\" class=\"more-link\"><span class=\"screen-reader-text\">28.11.2025  Gro\u00dfes Schulfr\u00fchst\u00fcck<\/span> weiterlesen<\/a><\/p>\n","protected":false},"author":9194276,"featured_media":0,"comment_status":"closed","ping_status":"closed","sticky":false,"template":"","format":"standard","meta":{"footnotes":""},"categories":[15],"tags":[],"class_list":["post-2102","post","type-post","status-publish","format-standard","hentry","category-aktuelles-2025-26"],"_links":{"self":[{"href":"https:\/\/wordpress.nibis.de\/ass-go\/wp-json\/wp\/v2\/posts\/2102","targetHints":{"allow":["GET"]}}],"collection":[{"href":"https:\/\/wordpress.nibis.de\/ass-go\/wp-json\/wp\/v2\/posts"}],"about":[{"href":"https:\/\/wordpress.nibis.de\/ass-go\/wp-json\/wp\/v2\/types\/post"}],"author":[{"embeddable":true,"href":"https:\/\/wordpress.nibis.de\/ass-go\/wp-json\/wp\/v2\/users\/9194276"}],"replies":[{"embeddable":true,"href":"https:\/\/wordpress.nibis.de\/ass-go\/wp-json\/wp\/v2\/comments?post=2102"}],"version-history":[{"count":1,"href":"https:\/\/wordpress.nibis.de\/ass-go\/wp-json\/wp\/v2\/posts\/2102\/revisions"}],"predecessor-version":[{"id":2103,"href":"https:\/\/wordpress.nibis.de\/ass-go\/wp-json\/wp\/v2\/posts\/2102\/revisions\/2103"}],"wp:attachment":[{"href":"https:\/\/wordpress.nibis.de\/ass-go\/wp-json\/wp\/v2\/media?parent=2102"}],"wp:term":[{"taxonomy":"category","embeddable":true,"href":"https:\/\/wordpress.nibis.de\/ass-go\/wp-json\/wp\/v2\/categories?post=2102"},{"taxonomy":"post_tag","embeddable":true,"href":"https:\/\/wordpress.nibis.de\/ass-go\/wp-json\/wp\/v2\/tags?post=2102"}],"curies":[{"name":"wp","href":"https:\/\/api.w.org\/{rel}","templated":true}]}}