{"id":2104,"date":"2025-12-04T08:32:49","date_gmt":"2025-12-04T07:32:49","guid":{"rendered":"https:\/\/wordpress.nibis.de\/ass-go\/?p=2104"},"modified":"2025-12-19T22:09:53","modified_gmt":"2025-12-19T21:09:53","slug":"november-2025-resilienztraining-an-unserer-schule","status":"publish","type":"post","link":"https:\/\/wordpress.nibis.de\/ass-go\/november-2025-resilienztraining-an-unserer-schule\/","title":{"rendered":"11.2025 Resilienztraining an unserer Schule"},"content":{"rendered":"<div class=\"wp-block-image is-style-rounded\">\n<figure class=\"aligncenter size-full is-resized\"><img loading=\"lazy\" decoding=\"async\" width=\"373\" height=\"498\" src=\"https:\/\/wordpress.nibis.de\/ass-go\/files\/2025\/12\/JPEG-Bild-46B9-B663-9F-0-compressed.jpeg\" alt=\"\" class=\"wp-image-2134\" style=\"aspect-ratio:0.7490247074122237;width:280px;height:auto\" srcset=\"https:\/\/wordpress.nibis.de\/ass-go\/files\/2025\/12\/JPEG-Bild-46B9-B663-9F-0-compressed.jpeg 373w, https:\/\/wordpress.nibis.de\/ass-go\/files\/2025\/12\/JPEG-Bild-46B9-B663-9F-0-compressed-225x300.jpeg 225w\" sizes=\"auto, (max-width: 373px) 100vw, 373px\" \/><\/figure>\n<\/div>\n\n\n<p>Auch in diesem Jahr konnten wir dank der gro\u00dfz\u00fcgigen <strong>Unterst\u00fctzung unseres F\u00f6rdervereins<\/strong> wieder ein Resilienztraining f\u00fcr unsere Sch\u00fclerinnen und Sch\u00fcler anbieten. In drei Einheiten \u00e0 90 Minuten lernten die Kinder, wie sie z.B. mit aufsteigender Wut umgehen k\u00f6nnen, welche eigenen St\u00e4rken sie besitzen und wie sie sich weniger von \u00e4u\u00dferen Einfl\u00fcssen verunsichern lassen.<\/p>\n\n\n\n<p>Der Kurs war liebevoll und kindgerecht gestaltet, sodass die Kinder konzentriert und vorallem aktiv mitarbeiten konnten. Anhand typischer Alltagssituationen, die jedes Kind kennt, erhielten sie konkrete und praktische Handlungstipps, wie sie in schwierigen Momenten reagieren k\u00f6nnen.<\/p>\n\n\n\n<p>Wir hoffen, dass die Kinder durch diesen Workshop wertvolle Strategien mitnehmen konnten, um den Herausforderungen des Alltags k\u00fcnftig selbstbewusster und resilienter begegnen zu k\u00f6nnen. <\/p>\n","protected":false},"excerpt":{"rendered":"<p>Auch in diesem Jahr konnten wir dank der gro\u00dfz\u00fcgigen Unterst\u00fctzung unseres F\u00f6rdervereins wieder ein Resilienztraining f\u00fcr unsere Sch\u00fclerinnen und Sch\u00fcler anbieten. In drei Einheiten \u00e0 90 Minuten lernten die Kinder, wie sie z.B. mit aufsteigender Wut umgehen k\u00f6nnen, welche eigenen St\u00e4rken sie besitzen und wie sie sich weniger von \u00e4u\u00dferen Einfl\u00fcssen verunsichern lassen. Der Kurs &hellip; <a href=\"https:\/\/wordpress.nibis.de\/ass-go\/november-2025-resilienztraining-an-unserer-schule\/\" class=\"more-link\"><span class=\"screen-reader-text\">11.2025 Resilienztraining an unserer Schule<\/span> weiterlesen<\/a><\/p>\n","protected":false},"author":9194276,"featured_media":0,"comment_status":"closed","ping_status":"closed","sticky":false,"template":"","format":"standard","meta":{"footnotes":""},"categories":[15],"tags":[],"class_list":["post-2104","post","type-post","status-publish","format-standard","hentry","category-aktuelles-2025-26"],"_links":{"self":[{"href":"https:\/\/wordpress.nibis.de\/ass-go\/wp-json\/wp\/v2\/posts\/2104","targetHints":{"allow":["GET"]}}],"collection":[{"href":"https:\/\/wordpress.nibis.de\/ass-go\/wp-json\/wp\/v2\/posts"}],"about":[{"href":"https:\/\/wordpress.nibis.de\/ass-go\/wp-json\/wp\/v2\/types\/post"}],"author":[{"embeddable":true,"href":"https:\/\/wordpress.nibis.de\/ass-go\/wp-json\/wp\/v2\/users\/9194276"}],"replies":[{"embeddable":true,"href":"https:\/\/wordpress.nibis.de\/ass-go\/wp-json\/wp\/v2\/comments?post=2104"}],"version-history":[{"count":4,"href":"https:\/\/wordpress.nibis.de\/ass-go\/wp-json\/wp\/v2\/posts\/2104\/revisions"}],"predecessor-version":[{"id":2226,"href":"https:\/\/wordpress.nibis.de\/ass-go\/wp-json\/wp\/v2\/posts\/2104\/revisions\/2226"}],"wp:attachment":[{"href":"https:\/\/wordpress.nibis.de\/ass-go\/wp-json\/wp\/v2\/media?parent=2104"}],"wp:term":[{"taxonomy":"category","embeddable":true,"href":"https:\/\/wordpress.nibis.de\/ass-go\/wp-json\/wp\/v2\/categories?post=2104"},{"taxonomy":"post_tag","embeddable":true,"href":"https:\/\/wordpress.nibis.de\/ass-go\/wp-json\/wp\/v2\/tags?post=2104"}],"curies":[{"name":"wp","href":"https:\/\/api.w.org\/{rel}","templated":true}]}}