{"id":2106,"date":"2025-12-04T08:47:44","date_gmt":"2025-12-04T07:47:44","guid":{"rendered":"https:\/\/wordpress.nibis.de\/ass-go\/?p=2106"},"modified":"2025-12-04T09:01:55","modified_gmt":"2025-12-04T08:01:55","slug":"01-12-2025-oh-du-schoene-weihnachtszeit-wir-singen-und-basteln-uns-in-die-adventszeit","status":"publish","type":"post","link":"https:\/\/wordpress.nibis.de\/ass-go\/01-12-2025-oh-du-schoene-weihnachtszeit-wir-singen-und-basteln-uns-in-die-adventszeit\/","title":{"rendered":"01.12.2025 Oh du sch\u00f6ne Weihnachtszeit &#8211; Wir singen und basteln uns in die Adventszeit."},"content":{"rendered":"\n<p><\/p>\n\n\n\n<p>Oh du sch\u00f6ne Weihnachtszeit! -f\u00fcr Kinder ist sie etwas Besonderes, und die Aufregung war im ganzen Geb\u00e4ude deutlich sp\u00fcrbar. Es lag sprichw\u00f6rtlich etwas in der Luft: der Keksduft aus der Schulk\u00fcche und der Geruch von Tannenzweigen aus der Pausenhalle.<\/p>\n\n\n\n<p>Am 1.12. haben wir unsere Weihnachtszeit offiziell eingel\u00e4utet und dabei alle Sinne angesprochen. Der Tag begann mit einem gemeinsamen Schulsingen weihnachtlicher Lieder in der Pausenhalle, bei Kerzenschein und Gitarrenbegleitung. Anschlie\u00dfend ging es in die Klassen, wo der gro\u00dfe Basteltag startete. Die Kinder konnten in ruhiger Atmosph\u00e4re kreativ werden und ihre Vorfreude auf diese Zeit ausleben.<\/p>\n\n\n\n<p>In der Schulk\u00fcche wurden parallel Pl\u00e4tzchen gebacken, die einen herrlichen Duft durchs Geb\u00e4ude schickten. Ein stimmungsvoller Start in die Adventszeit, gerne darf es so weitergehen.<\/p>\n","protected":false},"excerpt":{"rendered":"<p>Oh du sch\u00f6ne Weihnachtszeit! -f\u00fcr Kinder ist sie etwas Besonderes, und die Aufregung war im ganzen Geb\u00e4ude deutlich sp\u00fcrbar. Es lag sprichw\u00f6rtlich etwas in der Luft: der Keksduft aus der Schulk\u00fcche und der Geruch von Tannenzweigen aus der Pausenhalle. Am 1.12. haben wir unsere Weihnachtszeit offiziell eingel\u00e4utet und dabei alle Sinne angesprochen. Der Tag begann &hellip; <a href=\"https:\/\/wordpress.nibis.de\/ass-go\/01-12-2025-oh-du-schoene-weihnachtszeit-wir-singen-und-basteln-uns-in-die-adventszeit\/\" class=\"more-link\"><span class=\"screen-reader-text\">01.12.2025 Oh du sch\u00f6ne Weihnachtszeit &#8211; Wir singen und basteln uns in die Adventszeit.<\/span> weiterlesen<\/a><\/p>\n","protected":false},"author":9194276,"featured_media":0,"comment_status":"closed","ping_status":"closed","sticky":false,"template":"","format":"standard","meta":{"footnotes":""},"categories":[15],"tags":[],"class_list":["post-2106","post","type-post","status-publish","format-standard","hentry","category-aktuelles-2025-26"],"_links":{"self":[{"href":"https:\/\/wordpress.nibis.de\/ass-go\/wp-json\/wp\/v2\/posts\/2106","targetHints":{"allow":["GET"]}}],"collection":[{"href":"https:\/\/wordpress.nibis.de\/ass-go\/wp-json\/wp\/v2\/posts"}],"about":[{"href":"https:\/\/wordpress.nibis.de\/ass-go\/wp-json\/wp\/v2\/types\/post"}],"author":[{"embeddable":true,"href":"https:\/\/wordpress.nibis.de\/ass-go\/wp-json\/wp\/v2\/users\/9194276"}],"replies":[{"embeddable":true,"href":"https:\/\/wordpress.nibis.de\/ass-go\/wp-json\/wp\/v2\/comments?post=2106"}],"version-history":[{"count":1,"href":"https:\/\/wordpress.nibis.de\/ass-go\/wp-json\/wp\/v2\/posts\/2106\/revisions"}],"predecessor-version":[{"id":2107,"href":"https:\/\/wordpress.nibis.de\/ass-go\/wp-json\/wp\/v2\/posts\/2106\/revisions\/2107"}],"wp:attachment":[{"href":"https:\/\/wordpress.nibis.de\/ass-go\/wp-json\/wp\/v2\/media?parent=2106"}],"wp:term":[{"taxonomy":"category","embeddable":true,"href":"https:\/\/wordpress.nibis.de\/ass-go\/wp-json\/wp\/v2\/categories?post=2106"},{"taxonomy":"post_tag","embeddable":true,"href":"https:\/\/wordpress.nibis.de\/ass-go\/wp-json\/wp\/v2\/tags?post=2106"}],"curies":[{"name":"wp","href":"https:\/\/api.w.org\/{rel}","templated":true}]}}