{"id":2200,"date":"2026-01-07T16:27:03","date_gmt":"2026-01-07T15:27:03","guid":{"rendered":"https:\/\/wordpress.nibis.de\/ass-go\/?p=2200"},"modified":"2026-01-07T16:27:03","modified_gmt":"2026-01-07T15:27:03","slug":"11-12-2025-baldur-der-energie-zauberer-ein-magischer-projekttag-im-3-jahrgang","status":"publish","type":"post","link":"https:\/\/wordpress.nibis.de\/ass-go\/11-12-2025-baldur-der-energie-zauberer-ein-magischer-projekttag-im-3-jahrgang\/","title":{"rendered":"11.12.2025 Baldur, der Energie-Zauberer! Ein magischer Projekttag im 3. Jahrgang"},"content":{"rendered":"\n<p>Im Dezember durften die Kinder des 3. Jahrgangs an einem ganz besonderen Projekt teilnehmen: Baldur, der Energie-Zauberer war bei uns zu Gast! \ud83e\uddd9\u200d\u2642\ufe0f\u2728 Dieses Mitmach-Programm wurde speziell f\u00fcr Grundschulen entwickelt, um den Kindern auf spielerische und anschauliche Weise Wissen \u00fcber Energie, Energieeinsparung und Klimaschutz zu vermitteln. &nbsp;<\/p>\n\n\n\n<p>Baldur begeisterte die Sch\u00fcler*innen mit spannenden Geschichten, Experimenten und interaktiven Stationen rund um das Thema Energie. An verschiedenen Stationen konnten die Kinder selbst aktiv werden: sie \u00fcberlegten, wie man im Alltag Energie sparen kann, experimentierten mit Wasser und Luft und entdeckten, wo Energie \u00fcberall gebraucht wird. &nbsp;<\/p>\n\n\n\n<p>Die Mischung aus Magie, Mitmachen und Lernen machte den Vormittag zu einem unvergesslichen Erlebnis. Die Sch\u00fcler*innen haben nicht nur viel Neues gelernt, sondern hatten auch gro\u00dfen Spa\u00df an den unterschiedlichen Stationen.\ud83c\udf0d\ud83d\udca1<\/p>\n\n\n\n<p>Ein gro\u00dfer Dank geht an den Hauptsponsor, die Klimaschutzagentur Region Hannover GmbH, die den Projekttag m\u00f6glich gemacht hat, an den Verein \u201eBasche erneuerbar\u201c aus Barsinghausen, die den Kontakt vermittelt hat \u2013 und nat\u00fcrlich an Baldur, den Energie-Zauberer! \ud83e\uddd9\u200d\u2642\ufe0f\ud83d\udc4f<\/p>\n\n\n\n<figure class=\"wp-block-image size-large is-style-rounded\"><img loading=\"lazy\" decoding=\"async\" width=\"1024\" height=\"576\" src=\"https:\/\/wordpress.nibis.de\/ass-go\/files\/2025\/12\/IMG_1836-compressed-1024x576.jpeg\" alt=\"\" class=\"wp-image-2202\" srcset=\"https:\/\/wordpress.nibis.de\/ass-go\/files\/2025\/12\/IMG_1836-compressed-1024x576.jpeg 1024w, https:\/\/wordpress.nibis.de\/ass-go\/files\/2025\/12\/IMG_1836-compressed-300x169.jpeg 300w, https:\/\/wordpress.nibis.de\/ass-go\/files\/2025\/12\/IMG_1836-compressed-768x432.jpeg 768w, https:\/\/wordpress.nibis.de\/ass-go\/files\/2025\/12\/IMG_1836-compressed-100x56.jpeg 100w, https:\/\/wordpress.nibis.de\/ass-go\/files\/2025\/12\/IMG_1836-compressed.jpeg 1248w\" sizes=\"auto, (max-width: 1024px) 100vw, 1024px\" \/><\/figure>\n\n\n\n<p><\/p>\n","protected":false},"excerpt":{"rendered":"<p>Im Dezember durften die Kinder des 3. Jahrgangs an einem ganz besonderen Projekt teilnehmen: Baldur, der Energie-Zauberer war bei uns zu Gast! \ud83e\uddd9\u200d\u2642\ufe0f\u2728 Dieses Mitmach-Programm wurde speziell f\u00fcr Grundschulen entwickelt, um den Kindern auf spielerische und anschauliche Weise Wissen \u00fcber Energie, Energieeinsparung und Klimaschutz zu vermitteln. &nbsp; Baldur begeisterte die Sch\u00fcler*innen mit spannenden Geschichten, Experimenten &hellip; <a href=\"https:\/\/wordpress.nibis.de\/ass-go\/11-12-2025-baldur-der-energie-zauberer-ein-magischer-projekttag-im-3-jahrgang\/\" class=\"more-link\"><span class=\"screen-reader-text\">11.12.2025 Baldur, der Energie-Zauberer! Ein magischer Projekttag im 3. Jahrgang<\/span> weiterlesen<\/a><\/p>\n","protected":false},"author":9194276,"featured_media":0,"comment_status":"closed","ping_status":"closed","sticky":false,"template":"","format":"standard","meta":{"footnotes":""},"categories":[15],"tags":[],"class_list":["post-2200","post","type-post","status-publish","format-standard","hentry","category-aktuelles-2025-26"],"_links":{"self":[{"href":"https:\/\/wordpress.nibis.de\/ass-go\/wp-json\/wp\/v2\/posts\/2200","targetHints":{"allow":["GET"]}}],"collection":[{"href":"https:\/\/wordpress.nibis.de\/ass-go\/wp-json\/wp\/v2\/posts"}],"about":[{"href":"https:\/\/wordpress.nibis.de\/ass-go\/wp-json\/wp\/v2\/types\/post"}],"author":[{"embeddable":true,"href":"https:\/\/wordpress.nibis.de\/ass-go\/wp-json\/wp\/v2\/users\/9194276"}],"replies":[{"embeddable":true,"href":"https:\/\/wordpress.nibis.de\/ass-go\/wp-json\/wp\/v2\/comments?post=2200"}],"version-history":[{"count":4,"href":"https:\/\/wordpress.nibis.de\/ass-go\/wp-json\/wp\/v2\/posts\/2200\/revisions"}],"predecessor-version":[{"id":2274,"href":"https:\/\/wordpress.nibis.de\/ass-go\/wp-json\/wp\/v2\/posts\/2200\/revisions\/2274"}],"wp:attachment":[{"href":"https:\/\/wordpress.nibis.de\/ass-go\/wp-json\/wp\/v2\/media?parent=2200"}],"wp:term":[{"taxonomy":"category","embeddable":true,"href":"https:\/\/wordpress.nibis.de\/ass-go\/wp-json\/wp\/v2\/categories?post=2200"},{"taxonomy":"post_tag","embeddable":true,"href":"https:\/\/wordpress.nibis.de\/ass-go\/wp-json\/wp\/v2\/tags?post=2200"}],"curies":[{"name":"wp","href":"https:\/\/api.w.org\/{rel}","templated":true}]}}