{"id":2213,"date":"2026-01-07T16:22:55","date_gmt":"2026-01-07T15:22:55","guid":{"rendered":"https:\/\/wordpress.nibis.de\/ass-go\/?p=2213"},"modified":"2026-01-07T16:22:55","modified_gmt":"2026-01-07T15:22:55","slug":"15-12-2025-premiere-wir-haben-wieder-einen-schulchor","status":"publish","type":"post","link":"https:\/\/wordpress.nibis.de\/ass-go\/15-12-2025-premiere-wir-haben-wieder-einen-schulchor\/","title":{"rendered":"15.12.2025 Premiere &#8211; Wir haben wieder einen Schulchor !"},"content":{"rendered":"\n<p>In dieser Weihnachtszeit feierten wir eine Premiere: Nach l\u00e4ngerer Pause verf\u00fcgt unsere Schule dank der Kooperation mit einer Musikschule wieder \u00fcber einen eigenen Schulchor.<\/p>\n\n\n\n<p>Beim Montags-Adventssingen pr\u00e4sentierte sich der Chor mit drei Weihnachtsliedern. Besonders das Lied \u201eFeliz Navidad\u201c kam beim Publikum sehr gut an und sorgte f\u00fcr weihnachtliche Stimmung.<\/p>\n\n\n\n<p>Die positive Resonanz best\u00e4tigt den Neustart des Schulchors. Nun hoffen wir auf weitere S\u00e4ngerinnen und S\u00e4nger, die den Chor k\u00fcnftig verst\u00e4rken m\u00f6chten.<\/p>\n\n\n<div class=\"wp-block-image is-style-rounded\">\n<figure class=\"aligncenter size-large is-resized\"><img loading=\"lazy\" decoding=\"async\" width=\"1024\" height=\"680\" src=\"https:\/\/wordpress.nibis.de\/ass-go\/files\/2025\/12\/IMG_1788-compressed-1024x680.jpeg\" alt=\"\" class=\"wp-image-2214\" style=\"width:479px;height:auto\" srcset=\"https:\/\/wordpress.nibis.de\/ass-go\/files\/2025\/12\/IMG_1788-compressed-1024x680.jpeg 1024w, https:\/\/wordpress.nibis.de\/ass-go\/files\/2025\/12\/IMG_1788-compressed-300x199.jpeg 300w, https:\/\/wordpress.nibis.de\/ass-go\/files\/2025\/12\/IMG_1788-compressed-768x510.jpeg 768w, https:\/\/wordpress.nibis.de\/ass-go\/files\/2025\/12\/IMG_1788-compressed-100x66.jpeg 100w, https:\/\/wordpress.nibis.de\/ass-go\/files\/2025\/12\/IMG_1788-compressed.jpeg 1471w\" sizes=\"auto, (max-width: 1024px) 100vw, 1024px\" \/><\/figure>\n<\/div>\n\n\n<p><\/p>\n","protected":false},"excerpt":{"rendered":"<p>In dieser Weihnachtszeit feierten wir eine Premiere: Nach l\u00e4ngerer Pause verf\u00fcgt unsere Schule dank der Kooperation mit einer Musikschule wieder \u00fcber einen eigenen Schulchor. Beim Montags-Adventssingen pr\u00e4sentierte sich der Chor mit drei Weihnachtsliedern. Besonders das Lied \u201eFeliz Navidad\u201c kam beim Publikum sehr gut an und sorgte f\u00fcr weihnachtliche Stimmung. Die positive Resonanz best\u00e4tigt den Neustart &hellip; <a href=\"https:\/\/wordpress.nibis.de\/ass-go\/15-12-2025-premiere-wir-haben-wieder-einen-schulchor\/\" class=\"more-link\"><span class=\"screen-reader-text\">15.12.2025 Premiere &#8211; Wir haben wieder einen Schulchor !<\/span> weiterlesen<\/a><\/p>\n","protected":false},"author":9194276,"featured_media":0,"comment_status":"closed","ping_status":"closed","sticky":false,"template":"","format":"standard","meta":{"footnotes":""},"categories":[15],"tags":[],"class_list":["post-2213","post","type-post","status-publish","format-standard","hentry","category-aktuelles-2025-26"],"_links":{"self":[{"href":"https:\/\/wordpress.nibis.de\/ass-go\/wp-json\/wp\/v2\/posts\/2213","targetHints":{"allow":["GET"]}}],"collection":[{"href":"https:\/\/wordpress.nibis.de\/ass-go\/wp-json\/wp\/v2\/posts"}],"about":[{"href":"https:\/\/wordpress.nibis.de\/ass-go\/wp-json\/wp\/v2\/types\/post"}],"author":[{"embeddable":true,"href":"https:\/\/wordpress.nibis.de\/ass-go\/wp-json\/wp\/v2\/users\/9194276"}],"replies":[{"embeddable":true,"href":"https:\/\/wordpress.nibis.de\/ass-go\/wp-json\/wp\/v2\/comments?post=2213"}],"version-history":[{"count":1,"href":"https:\/\/wordpress.nibis.de\/ass-go\/wp-json\/wp\/v2\/posts\/2213\/revisions"}],"predecessor-version":[{"id":2215,"href":"https:\/\/wordpress.nibis.de\/ass-go\/wp-json\/wp\/v2\/posts\/2213\/revisions\/2215"}],"wp:attachment":[{"href":"https:\/\/wordpress.nibis.de\/ass-go\/wp-json\/wp\/v2\/media?parent=2213"}],"wp:term":[{"taxonomy":"category","embeddable":true,"href":"https:\/\/wordpress.nibis.de\/ass-go\/wp-json\/wp\/v2\/categories?post=2213"},{"taxonomy":"post_tag","embeddable":true,"href":"https:\/\/wordpress.nibis.de\/ass-go\/wp-json\/wp\/v2\/tags?post=2213"}],"curies":[{"name":"wp","href":"https:\/\/api.w.org\/{rel}","templated":true}]}}