{"id":2216,"date":"2026-01-07T16:24:18","date_gmt":"2026-01-07T15:24:18","guid":{"rendered":"https:\/\/wordpress.nibis.de\/ass-go\/?p=2216"},"modified":"2026-01-07T16:24:19","modified_gmt":"2026-01-07T15:24:19","slug":"19-12-2025-freiday-praesentationen-im-schulforum","status":"publish","type":"post","link":"https:\/\/wordpress.nibis.de\/ass-go\/19-12-2025-freiday-praesentationen-im-schulforum\/","title":{"rendered":"19.12.2025 FreiDay &#8211; Pr\u00e4sentationen im Schulforum"},"content":{"rendered":"<div class=\"wp-block-image is-style-rounded\">\n<figure class=\"aligncenter size-full is-resized\"><img loading=\"lazy\" decoding=\"async\" width=\"640\" height=\"480\" src=\"https:\/\/wordpress.nibis.de\/ass-go\/files\/2025\/12\/IMG_1790.jpeg\" alt=\"\" class=\"wp-image-2217\" style=\"width:451px;height:auto\" srcset=\"https:\/\/wordpress.nibis.de\/ass-go\/files\/2025\/12\/IMG_1790.jpeg 640w, https:\/\/wordpress.nibis.de\/ass-go\/files\/2025\/12\/IMG_1790-300x225.jpeg 300w, https:\/\/wordpress.nibis.de\/ass-go\/files\/2025\/12\/IMG_1790-100x75.jpeg 100w\" sizes=\"auto, (max-width: 640px) 100vw, 640px\" \/><\/figure>\n<\/div>\n\n\n<p>Seit vier Monaten ist der FreiDay fest an unserer Schule etabliert. An diesem Projekttag arbeiten die Sch\u00fclerinnen und Sch\u00fcler selbstst\u00e4ndig an Themen der Bildung f\u00fcr nachhaltige Entwicklung (BNE).<\/p>\n\n\n\n<p>Ob allein oder in Gruppen, die Kinder recherchieren, forschen, gestalten und entwickeln eigene Ideen mit dem Ziel, Umweltbewusstsein nachhaltig zu verankern.<\/p>\n\n\n\n<p>Nun war es so weit: Im Schulforum pr\u00e4sentierten die ersten Gruppen ihre Ergebnisse. Vorgestellt wurden unter anderem folgende Themen:<\/p>\n\n\n\n<ul class=\"wp-block-list\">\n<li>Verschmutzung der Meere: M\u00fcllvermeidung, Alternativen zu Plastik und ein eindrucksvoller selbst gedrehter Film<\/li>\n\n\n\n<li>Rodung der W\u00e4lder: Ressourcenverbrauch, Verlust von Lebensr\u00e4umen und ein \u00fcbersichtliches Informationsplakat<\/li>\n\n\n\n<li>Rettet unsere Insekten: gestaltete Warnplakate f\u00fcr die Klassen sowie die Vorstellung einer Insektenwiese<\/li>\n<\/ul>\n\n\n\n<p>Die Qualit\u00e4t der Pr\u00e4sentationen und das hohe Engagement der Sch\u00fclerinnen und Sch\u00fcler waren beeindruckend. Sie zeigen deutlich, wie intensiv sich die Kinder mit den 17 Zielen f\u00fcr nachhaltige Entwicklung der Vereinten Nationen auseinandersetzen.<\/p>\n\n\n\n<p>Wir sind stolz auf diese Ergebnisse und freuen uns bereits auf das n\u00e4chste gro\u00dfe FreiDay-Forum.<\/p>\n\n\n<div class=\"wp-block-image\">\n<figure class=\"aligncenter size-full is-resized\"><img loading=\"lazy\" decoding=\"async\" width=\"800\" height=\"800\" src=\"https:\/\/wordpress.nibis.de\/ass-go\/files\/2025\/08\/IMG_1623.png\" alt=\"\" class=\"wp-image-2041\" style=\"width:95px;height:auto\" srcset=\"https:\/\/wordpress.nibis.de\/ass-go\/files\/2025\/08\/IMG_1623.png 800w, https:\/\/wordpress.nibis.de\/ass-go\/files\/2025\/08\/IMG_1623-300x300.png 300w, https:\/\/wordpress.nibis.de\/ass-go\/files\/2025\/08\/IMG_1623-150x150.png 150w, https:\/\/wordpress.nibis.de\/ass-go\/files\/2025\/08\/IMG_1623-768x768.png 768w, https:\/\/wordpress.nibis.de\/ass-go\/files\/2025\/08\/IMG_1623-80x80.png 80w, https:\/\/wordpress.nibis.de\/ass-go\/files\/2025\/08\/IMG_1623-320x320.png 320w\" sizes=\"auto, (max-width: 800px) 100vw, 800px\" \/><\/figure>\n<\/div>\n\n\n<p><\/p>\n\n\n\n<p>Hier erfahren Sie mehr \u00fcber die Nachhaltigskeitsziele:<\/p>\n\n\n\n<p> <a href=\"https:\/\/www.bundesregierung.de\/breg-de\/aktuelles\/nachhaltigkeitsziele-erklaert-232174\">https:\/\/www.bundesregierung.de\/breg-de\/aktuelles\/nachhaltigkeitsziele-erklaert-232174<\/a><\/p>\n\n\n\n<p><\/p>\n","protected":false},"excerpt":{"rendered":"<p>Seit vier Monaten ist der FreiDay fest an unserer Schule etabliert. An diesem Projekttag arbeiten die Sch\u00fclerinnen und Sch\u00fcler selbstst\u00e4ndig an Themen der Bildung f\u00fcr nachhaltige Entwicklung (BNE). Ob allein oder in Gruppen, die Kinder recherchieren, forschen, gestalten und entwickeln eigene Ideen mit dem Ziel, Umweltbewusstsein nachhaltig zu verankern. Nun war es so weit: Im &hellip; <a href=\"https:\/\/wordpress.nibis.de\/ass-go\/19-12-2025-freiday-praesentationen-im-schulforum\/\" class=\"more-link\"><span class=\"screen-reader-text\">19.12.2025 FreiDay &#8211; Pr\u00e4sentationen im Schulforum<\/span> weiterlesen<\/a><\/p>\n","protected":false},"author":9194276,"featured_media":0,"comment_status":"closed","ping_status":"closed","sticky":false,"template":"","format":"standard","meta":{"footnotes":""},"categories":[15],"tags":[],"class_list":["post-2216","post","type-post","status-publish","format-standard","hentry","category-aktuelles-2025-26"],"_links":{"self":[{"href":"https:\/\/wordpress.nibis.de\/ass-go\/wp-json\/wp\/v2\/posts\/2216","targetHints":{"allow":["GET"]}}],"collection":[{"href":"https:\/\/wordpress.nibis.de\/ass-go\/wp-json\/wp\/v2\/posts"}],"about":[{"href":"https:\/\/wordpress.nibis.de\/ass-go\/wp-json\/wp\/v2\/types\/post"}],"author":[{"embeddable":true,"href":"https:\/\/wordpress.nibis.de\/ass-go\/wp-json\/wp\/v2\/users\/9194276"}],"replies":[{"embeddable":true,"href":"https:\/\/wordpress.nibis.de\/ass-go\/wp-json\/wp\/v2\/comments?post=2216"}],"version-history":[{"count":4,"href":"https:\/\/wordpress.nibis.de\/ass-go\/wp-json\/wp\/v2\/posts\/2216\/revisions"}],"predecessor-version":[{"id":2222,"href":"https:\/\/wordpress.nibis.de\/ass-go\/wp-json\/wp\/v2\/posts\/2216\/revisions\/2222"}],"wp:attachment":[{"href":"https:\/\/wordpress.nibis.de\/ass-go\/wp-json\/wp\/v2\/media?parent=2216"}],"wp:term":[{"taxonomy":"category","embeddable":true,"href":"https:\/\/wordpress.nibis.de\/ass-go\/wp-json\/wp\/v2\/categories?post=2216"},{"taxonomy":"post_tag","embeddable":true,"href":"https:\/\/wordpress.nibis.de\/ass-go\/wp-json\/wp\/v2\/tags?post=2216"}],"curies":[{"name":"wp","href":"https:\/\/api.w.org\/{rel}","templated":true}]}}