{"id":2268,"date":"2026-01-07T16:29:30","date_gmt":"2026-01-07T15:29:30","guid":{"rendered":"https:\/\/wordpress.nibis.de\/ass-go\/?p=2268"},"modified":"2026-01-07T16:29:31","modified_gmt":"2026-01-07T15:29:31","slug":"06-01-2026-medienschulung-im-4-jahrgang","status":"publish","type":"post","link":"https:\/\/wordpress.nibis.de\/ass-go\/06-01-2026-medienschulung-im-4-jahrgang\/","title":{"rendered":"06.01.2026 Medienschulung im 4. Jahrgang"},"content":{"rendered":"\n<p>Unser 4. Jahrgang nimmt an zwei Unterrichtstagen an einer Medienschulung teil. Grundlage ist das Pr\u00e4ventionsprogramm \u201eMax &amp; Mina\u201c, das sich mit Chancen und Risiken digitaler Medien besch\u00e4ftigt.<\/p>\n\n\n<div class=\"wp-block-image is-style-rounded\">\n<figure class=\"alignleft size-full is-resized\"><img loading=\"lazy\" decoding=\"async\" width=\"707\" height=\"943\" src=\"https:\/\/wordpress.nibis.de\/ass-go\/files\/2026\/01\/IMG_2889-compressed-rotated.jpeg\" alt=\"\" class=\"wp-image-2270\" style=\"aspect-ratio:0.7497406573387647;width:349px;height:auto\" srcset=\"https:\/\/wordpress.nibis.de\/ass-go\/files\/2026\/01\/IMG_2889-compressed-rotated.jpeg 707w, https:\/\/wordpress.nibis.de\/ass-go\/files\/2026\/01\/IMG_2889-compressed-225x300.jpeg 225w, https:\/\/wordpress.nibis.de\/ass-go\/files\/2026\/01\/IMG_2889-compressed-100x133.jpeg 100w\" sizes=\"auto, (max-width: 707px) 100vw, 707px\" \/><\/figure>\n<\/div>\n\n\n<p>Im Mittelpunkt steht die Geschichte der Zwillinge Max und Mina, die sich ein Smartphone w\u00fcnschen. Gemeinsam mit den Sch\u00fclerinnen und Sch\u00fclern wird altersgerecht erarbeitet, welche Vorteile digitale Medien bieten, wo Risiken liegen und wie ein verantwortungsvoller Umgang aussehen kann.<\/p>\n\n\n\n<p>Die Kinder brachten bereits viel Vorwissen mit und konnten sich sehr interessiert, aktiv und reflektiert in die Inhalte einbringen. Sie setzten sich intensiv mit ihrem eigenen Medienverhalten auseinander und entwickelten gemeinsam Regeln f\u00fcr einen bewussten und sicheren Umgang mit digitalen Angeboten.<\/p>\n\n\n\n<p>Zum Abschluss bereitet die Klasse Inhalte vor, die auch f\u00fcr Eltern und Erziehungsberechtigte relevant sind. Das Programm ist f\u00fcr unterschiedliche Schulformen geeignet und wird durch mehrsprachige Materialien f\u00fcr Eltern erg\u00e4nzt.<\/p>\n\n\n<div class=\"wp-block-image is-style-rounded\">\n<figure class=\"aligncenter size-full is-resized\"><img loading=\"lazy\" decoding=\"async\" width=\"707\" height=\"943\" src=\"https:\/\/wordpress.nibis.de\/ass-go\/files\/2026\/01\/IMG_2890-compressed-rotated.jpeg\" alt=\"\" class=\"wp-image-2271\" style=\"aspect-ratio:0.7497411867269657;width:296px;height:auto\" srcset=\"https:\/\/wordpress.nibis.de\/ass-go\/files\/2026\/01\/IMG_2890-compressed-rotated.jpeg 707w, https:\/\/wordpress.nibis.de\/ass-go\/files\/2026\/01\/IMG_2890-compressed-225x300.jpeg 225w, https:\/\/wordpress.nibis.de\/ass-go\/files\/2026\/01\/IMG_2890-compressed-100x133.jpeg 100w\" sizes=\"auto, (max-width: 707px) 100vw, 707px\" \/><\/figure>\n<\/div>\n\n\n<p><\/p>\n","protected":false},"excerpt":{"rendered":"<p>Unser 4. Jahrgang nimmt an zwei Unterrichtstagen an einer Medienschulung teil. Grundlage ist das Pr\u00e4ventionsprogramm \u201eMax &amp; Mina\u201c, das sich mit Chancen und Risiken digitaler Medien besch\u00e4ftigt. Im Mittelpunkt steht die Geschichte der Zwillinge Max und Mina, die sich ein Smartphone w\u00fcnschen. Gemeinsam mit den Sch\u00fclerinnen und Sch\u00fclern wird altersgerecht erarbeitet, welche Vorteile digitale Medien &hellip; <a href=\"https:\/\/wordpress.nibis.de\/ass-go\/06-01-2026-medienschulung-im-4-jahrgang\/\" class=\"more-link\"><span class=\"screen-reader-text\">06.01.2026 Medienschulung im 4. Jahrgang<\/span> weiterlesen<\/a><\/p>\n","protected":false},"author":9194276,"featured_media":0,"comment_status":"closed","ping_status":"closed","sticky":false,"template":"","format":"standard","meta":{"footnotes":""},"categories":[15],"tags":[],"class_list":["post-2268","post","type-post","status-publish","format-standard","hentry","category-aktuelles-2025-26"],"_links":{"self":[{"href":"https:\/\/wordpress.nibis.de\/ass-go\/wp-json\/wp\/v2\/posts\/2268","targetHints":{"allow":["GET"]}}],"collection":[{"href":"https:\/\/wordpress.nibis.de\/ass-go\/wp-json\/wp\/v2\/posts"}],"about":[{"href":"https:\/\/wordpress.nibis.de\/ass-go\/wp-json\/wp\/v2\/types\/post"}],"author":[{"embeddable":true,"href":"https:\/\/wordpress.nibis.de\/ass-go\/wp-json\/wp\/v2\/users\/9194276"}],"replies":[{"embeddable":true,"href":"https:\/\/wordpress.nibis.de\/ass-go\/wp-json\/wp\/v2\/comments?post=2268"}],"version-history":[{"count":3,"href":"https:\/\/wordpress.nibis.de\/ass-go\/wp-json\/wp\/v2\/posts\/2268\/revisions"}],"predecessor-version":[{"id":2275,"href":"https:\/\/wordpress.nibis.de\/ass-go\/wp-json\/wp\/v2\/posts\/2268\/revisions\/2275"}],"wp:attachment":[{"href":"https:\/\/wordpress.nibis.de\/ass-go\/wp-json\/wp\/v2\/media?parent=2268"}],"wp:term":[{"taxonomy":"category","embeddable":true,"href":"https:\/\/wordpress.nibis.de\/ass-go\/wp-json\/wp\/v2\/categories?post=2268"},{"taxonomy":"post_tag","embeddable":true,"href":"https:\/\/wordpress.nibis.de\/ass-go\/wp-json\/wp\/v2\/tags?post=2268"}],"curies":[{"name":"wp","href":"https:\/\/api.w.org\/{rel}","templated":true}]}}