{"id":2447,"date":"2026-02-20T10:51:51","date_gmt":"2026-02-20T09:51:51","guid":{"rendered":"https:\/\/wordpress.nibis.de\/ass-go\/?p=2447"},"modified":"2026-02-20T10:51:51","modified_gmt":"2026-02-20T09:51:51","slug":"13-02-2026-wir-feiern-fasching","status":"publish","type":"post","link":"https:\/\/wordpress.nibis.de\/ass-go\/13-02-2026-wir-feiern-fasching\/","title":{"rendered":"13.02.2026 Wir feiern Fasching"},"content":{"rendered":"\n<p>Am Freitag, den 13.02.2026, wurde es an unserer Schule bunt und fr\u00f6hlich: Wir feierten gemeinsam Fasching. Der Tag begann mit einer gro\u00dfen Polonaise durch alle Klassen, bei der sich nach und nach die ganze Schulgemeinschaft anschloss. Anschlie\u00dfend versammelten wir uns in der Pausenhalle und tanzten gemeinsam zu fr\u00f6hlichen Partyliedern.<\/p>\n\n\n\n<p>Ein besonderes Highlight war die Modenschau, bei der die verschiedenen Kost\u00fcmgruppen ihre fantasievollen und kreativen Verkleidungen auf der \u201eB\u00fchne\u201c pr\u00e4sentieren konnten. Danach wurde in den Klassen weitergefeiert \u2013 mit guter Stimmung und einem leckeren Fingerfood-Buffet.<\/p>\n\n\n\n<p>Zum Abschluss wartete in der Turnhalle eine gro\u00dfe Bewegungslandschaft, die f\u00fcr viel Spa\u00df, Bewegung und Begeisterung sorgte. Es war ein rundum gelungener Tag voller Freude, Gemeinschaft und unvergesslicher Momente.<\/p>\n\n\n<div class=\"wp-block-image is-style-rounded\">\n<figure class=\"aligncenter size-large\"><img loading=\"lazy\" decoding=\"async\" width=\"1024\" height=\"768\" src=\"https:\/\/wordpress.nibis.de\/ass-go\/files\/2023\/10\/IMG_0401-1024x768.jpeg\" alt=\"\" class=\"wp-image-388\" srcset=\"https:\/\/wordpress.nibis.de\/ass-go\/files\/2023\/10\/IMG_0401-1024x768.jpeg 1024w, https:\/\/wordpress.nibis.de\/ass-go\/files\/2023\/10\/IMG_0401-300x225.jpeg 300w, https:\/\/wordpress.nibis.de\/ass-go\/files\/2023\/10\/IMG_0401-768x576.jpeg 768w, https:\/\/wordpress.nibis.de\/ass-go\/files\/2023\/10\/IMG_0401-1536x1152.jpeg 1536w, https:\/\/wordpress.nibis.de\/ass-go\/files\/2023\/10\/IMG_0401-2048x1536.jpeg 2048w\" sizes=\"auto, (max-width: 1024px) 100vw, 1024px\" \/><\/figure>\n<\/div>\n\n\n<p><\/p>\n","protected":false},"excerpt":{"rendered":"<p>Am Freitag, den 13.02.2026, wurde es an unserer Schule bunt und fr\u00f6hlich: Wir feierten gemeinsam Fasching. Der Tag begann mit einer gro\u00dfen Polonaise durch alle Klassen, bei der sich nach und nach die ganze Schulgemeinschaft anschloss. Anschlie\u00dfend versammelten wir uns in der Pausenhalle und tanzten gemeinsam zu fr\u00f6hlichen Partyliedern. Ein besonderes Highlight war die Modenschau, &hellip; <a href=\"https:\/\/wordpress.nibis.de\/ass-go\/13-02-2026-wir-feiern-fasching\/\" class=\"more-link\"><span class=\"screen-reader-text\">13.02.2026 Wir feiern Fasching<\/span> weiterlesen<\/a><\/p>\n","protected":false},"author":9194276,"featured_media":0,"comment_status":"closed","ping_status":"closed","sticky":false,"template":"","format":"standard","meta":{"footnotes":""},"categories":[15],"tags":[],"class_list":["post-2447","post","type-post","status-publish","format-standard","hentry","category-aktuelles-2025-26"],"_links":{"self":[{"href":"https:\/\/wordpress.nibis.de\/ass-go\/wp-json\/wp\/v2\/posts\/2447","targetHints":{"allow":["GET"]}}],"collection":[{"href":"https:\/\/wordpress.nibis.de\/ass-go\/wp-json\/wp\/v2\/posts"}],"about":[{"href":"https:\/\/wordpress.nibis.de\/ass-go\/wp-json\/wp\/v2\/types\/post"}],"author":[{"embeddable":true,"href":"https:\/\/wordpress.nibis.de\/ass-go\/wp-json\/wp\/v2\/users\/9194276"}],"replies":[{"embeddable":true,"href":"https:\/\/wordpress.nibis.de\/ass-go\/wp-json\/wp\/v2\/comments?post=2447"}],"version-history":[{"count":1,"href":"https:\/\/wordpress.nibis.de\/ass-go\/wp-json\/wp\/v2\/posts\/2447\/revisions"}],"predecessor-version":[{"id":2448,"href":"https:\/\/wordpress.nibis.de\/ass-go\/wp-json\/wp\/v2\/posts\/2447\/revisions\/2448"}],"wp:attachment":[{"href":"https:\/\/wordpress.nibis.de\/ass-go\/wp-json\/wp\/v2\/media?parent=2447"}],"wp:term":[{"taxonomy":"category","embeddable":true,"href":"https:\/\/wordpress.nibis.de\/ass-go\/wp-json\/wp\/v2\/categories?post=2447"},{"taxonomy":"post_tag","embeddable":true,"href":"https:\/\/wordpress.nibis.de\/ass-go\/wp-json\/wp\/v2\/tags?post=2447"}],"curies":[{"name":"wp","href":"https:\/\/api.w.org\/{rel}","templated":true}]}}