{"id":2449,"date":"2026-02-21T12:34:41","date_gmt":"2026-02-21T11:34:41","guid":{"rendered":"https:\/\/wordpress.nibis.de\/ass-go\/?p=2449"},"modified":"2026-02-21T12:44:49","modified_gmt":"2026-02-21T11:44:49","slug":"20-02-2026-100-tage-schulkind-fest","status":"publish","type":"post","link":"https:\/\/wordpress.nibis.de\/ass-go\/20-02-2026-100-tage-schulkind-fest\/","title":{"rendered":"20.02.2026 \u201e100 Tage Schulkind\u201c-Fest"},"content":{"rendered":"\n<p>Heute hat unser 1. Jahrgang ein ganz besonderes Fest gefeiert: das 100-Tage-Schulkind-Fest. <\/p>\n\n\n<div class=\"wp-block-image is-style-rounded\">\n<figure class=\"aligncenter size-large is-resized\"><img loading=\"lazy\" decoding=\"async\" width=\"1024\" height=\"862\" src=\"https:\/\/wordpress.nibis.de\/ass-go\/files\/2026\/02\/IMG_1907-compressed-1024x862.jpeg\" alt=\"\" class=\"wp-image-2450\" style=\"aspect-ratio:1.1879590025018159;width:349px;height:auto\" srcset=\"https:\/\/wordpress.nibis.de\/ass-go\/files\/2026\/02\/IMG_1907-compressed-1024x862.jpeg 1024w, https:\/\/wordpress.nibis.de\/ass-go\/files\/2026\/02\/IMG_1907-compressed-300x253.jpeg 300w, https:\/\/wordpress.nibis.de\/ass-go\/files\/2026\/02\/IMG_1907-compressed-768x647.jpeg 768w, https:\/\/wordpress.nibis.de\/ass-go\/files\/2026\/02\/IMG_1907-compressed-100x84.jpeg 100w, https:\/\/wordpress.nibis.de\/ass-go\/files\/2026\/02\/IMG_1907-compressed.jpeg 1435w\" sizes=\"auto, (max-width: 1024px) 100vw, 1024px\" \/><\/figure>\n<\/div>\n\n\n<p>Unsere Zebras und F\u00fcchse sind nun schon seit \u00fcber 100 Tagen in der Schule \u2013 ein wunderbarer Anlass, um gemeinsam auf das bisher Gelernte zur\u00fcckzublicken und diesen besonderen Meilenstein zu feiern.<\/p>\n\n\n\n<p>Jahrgangs\u00fcbergreifend haben die Kinder mit viel Freude und Engagement zahlreiche \u201e100er-Aufgaben\u201c gestaltet und dabei eindrucksvoll gezeigt, was sie in dieser Zeit bereits gelernt haben.<\/p>\n\n\n\n<p><strong>Gemeinsam durchliefen sie verschiedene Stationen zu folgenden Themen:<\/strong><\/p>\n\n\n\n<p>100 Aufgaben, 100 Buchstaben, 100 Sterne, 100 Fingerabdr\u00fccke,<\/p>\n\n\n\n<p> 100 Unterschriften, 100 Zahlen und 100 sportliche \u00dcbungen  <\/p>\n\n\n\n<p><\/p>\n\n\n\n<p><\/p>\n\n\n<div class=\"wp-block-image\">\n<figure class=\"aligncenter size-full is-resized\"><img loading=\"lazy\" decoding=\"async\" width=\"673\" height=\"842\" src=\"https:\/\/wordpress.nibis.de\/ass-go\/files\/2026\/02\/IMG_1906-compressed.jpeg\" alt=\"\" class=\"wp-image-2451\" style=\"width:344px;height:auto\" srcset=\"https:\/\/wordpress.nibis.de\/ass-go\/files\/2026\/02\/IMG_1906-compressed.jpeg 673w, https:\/\/wordpress.nibis.de\/ass-go\/files\/2026\/02\/IMG_1906-compressed-240x300.jpeg 240w, https:\/\/wordpress.nibis.de\/ass-go\/files\/2026\/02\/IMG_1906-compressed-100x125.jpeg 100w\" sizes=\"auto, (max-width: 673px) 100vw, 673px\" \/><\/figure>\n<\/div>\n\n\n<p>Mit gro\u00dfer Motivation und Teamgeist zeigten die Sch\u00fclerinnen und Sch\u00fcler, was sie in den vergangenen 100 Tagen bereits alles gelernt haben. Dabei wurde deutlich, wie viel sie schon k\u00f6nnen und wie gut sie als Gemeinschaft zusammengewachsen sind. Das war eine tolle gemeinsame Leistung \u2013 darauf k\u00f6nnen alle Kinder sehr stolz sein!<\/p>\n\n\n\n<p><\/p>\n","protected":false},"excerpt":{"rendered":"<p>Heute hat unser 1. Jahrgang ein ganz besonderes Fest gefeiert: das 100-Tage-Schulkind-Fest. Unsere Zebras und F\u00fcchse sind nun schon seit \u00fcber 100 Tagen in der Schule \u2013 ein wunderbarer Anlass, um gemeinsam auf das bisher Gelernte zur\u00fcckzublicken und diesen besonderen Meilenstein zu feiern. Jahrgangs\u00fcbergreifend haben die Kinder mit viel Freude und Engagement zahlreiche \u201e100er-Aufgaben\u201c gestaltet &hellip; <a href=\"https:\/\/wordpress.nibis.de\/ass-go\/20-02-2026-100-tage-schulkind-fest\/\" class=\"more-link\"><span class=\"screen-reader-text\">20.02.2026 \u201e100 Tage Schulkind\u201c-Fest<\/span> weiterlesen<\/a><\/p>\n","protected":false},"author":9194276,"featured_media":0,"comment_status":"closed","ping_status":"closed","sticky":false,"template":"","format":"standard","meta":{"footnotes":""},"categories":[15],"tags":[],"class_list":["post-2449","post","type-post","status-publish","format-standard","hentry","category-aktuelles-2025-26"],"_links":{"self":[{"href":"https:\/\/wordpress.nibis.de\/ass-go\/wp-json\/wp\/v2\/posts\/2449","targetHints":{"allow":["GET"]}}],"collection":[{"href":"https:\/\/wordpress.nibis.de\/ass-go\/wp-json\/wp\/v2\/posts"}],"about":[{"href":"https:\/\/wordpress.nibis.de\/ass-go\/wp-json\/wp\/v2\/types\/post"}],"author":[{"embeddable":true,"href":"https:\/\/wordpress.nibis.de\/ass-go\/wp-json\/wp\/v2\/users\/9194276"}],"replies":[{"embeddable":true,"href":"https:\/\/wordpress.nibis.de\/ass-go\/wp-json\/wp\/v2\/comments?post=2449"}],"version-history":[{"count":6,"href":"https:\/\/wordpress.nibis.de\/ass-go\/wp-json\/wp\/v2\/posts\/2449\/revisions"}],"predecessor-version":[{"id":2469,"href":"https:\/\/wordpress.nibis.de\/ass-go\/wp-json\/wp\/v2\/posts\/2449\/revisions\/2469"}],"wp:attachment":[{"href":"https:\/\/wordpress.nibis.de\/ass-go\/wp-json\/wp\/v2\/media?parent=2449"}],"wp:term":[{"taxonomy":"category","embeddable":true,"href":"https:\/\/wordpress.nibis.de\/ass-go\/wp-json\/wp\/v2\/categories?post=2449"},{"taxonomy":"post_tag","embeddable":true,"href":"https:\/\/wordpress.nibis.de\/ass-go\/wp-json\/wp\/v2\/tags?post=2449"}],"curies":[{"name":"wp","href":"https:\/\/api.w.org\/{rel}","templated":true}]}}