{"id":2483,"date":"2026-03-21T10:03:59","date_gmt":"2026-03-21T09:03:59","guid":{"rendered":"https:\/\/wordpress.nibis.de\/ass-go\/?p=2483"},"modified":"2026-03-21T13:12:57","modified_gmt":"2026-03-21T12:12:57","slug":"20-03-2026-forum-vor-den-osterferien-ein-vormittag-voller-engagement-und-ideen","status":"publish","type":"post","link":"https:\/\/wordpress.nibis.de\/ass-go\/20-03-2026-forum-vor-den-osterferien-ein-vormittag-voller-engagement-und-ideen\/","title":{"rendered":"20.03.2026 Forum vor den Osterferien &#8211; ein Vormittag voller Engagement und Ideen"},"content":{"rendered":"\n<p>Am Freitag, den 20. M\u00e4rz, fand unser Forum vor den Osterferien statt. Die gesamte Schulgemeinschaft kam zusammen, um gemeinsam zu singen, Projekte vorzustellen und besondere Leistungen zu w\u00fcrdigen.<\/p>\n\n\n\n<p><strong>Gemeinsamer Auftakt<\/strong><\/p>\n\n\n\n<p>Zum Einstieg sangen alle Kinder gemeinsam mit musikalischer Begleitung das Fr\u00fchlingslied \u201eAlle V\u00f6gel sind schon da\u201c. Der gelungene Auftakt sorgte f\u00fcr eine fr\u00f6hliche Stimmung und stimmte passend auf die bevorstehende Fr\u00fchlings- und Osterzeit ein.<\/p>\n\n\n<div class=\"wp-block-image is-style-rounded\">\n<figure class=\"aligncenter size-large is-resized\"><img loading=\"lazy\" decoding=\"async\" width=\"1024\" height=\"576\" src=\"https:\/\/wordpress.nibis.de\/ass-go\/files\/2026\/03\/IMG_5603-1024x576.jpeg\" alt=\"\" class=\"wp-image-2492\" style=\"width:510px;height:auto\" srcset=\"https:\/\/wordpress.nibis.de\/ass-go\/files\/2026\/03\/IMG_5603-1024x576.jpeg 1024w, https:\/\/wordpress.nibis.de\/ass-go\/files\/2026\/03\/IMG_5603-300x169.jpeg 300w, https:\/\/wordpress.nibis.de\/ass-go\/files\/2026\/03\/IMG_5603-768x432.jpeg 768w, https:\/\/wordpress.nibis.de\/ass-go\/files\/2026\/03\/IMG_5603-100x56.jpeg 100w, https:\/\/wordpress.nibis.de\/ass-go\/files\/2026\/03\/IMG_5603-1536x864.jpeg 1536w, https:\/\/wordpress.nibis.de\/ass-go\/files\/2026\/03\/IMG_5603.jpeg 1600w\" sizes=\"auto, (max-width: 1024px) 100vw, 1024px\" \/><\/figure>\n<\/div>\n\n\n<p><strong>Beeindruckende FREIDAY-Pr\u00e4sentationen<\/strong><\/p>\n\n\n\n<p>Im Anschluss folgten die ersten Pr\u00e4sentationen aus den FREIDAY-Projekten, und diese hatten es in sich:<\/p>\n\n\n\n<p><strong>Starke Botschaft f\u00fcr den Frieden<\/strong><\/p>\n\n\n<div class=\"wp-block-image is-style-rounded\">\n<figure class=\"aligncenter size-large is-resized\"><img loading=\"lazy\" decoding=\"async\" width=\"655\" height=\"1024\" src=\"https:\/\/wordpress.nibis.de\/ass-go\/files\/2026\/03\/IMG_5620-655x1024.jpeg\" alt=\"\" class=\"wp-image-2494\" style=\"aspect-ratio:0.6396495071193866;width:230px;height:auto\" srcset=\"https:\/\/wordpress.nibis.de\/ass-go\/files\/2026\/03\/IMG_5620-655x1024.jpeg 655w, https:\/\/wordpress.nibis.de\/ass-go\/files\/2026\/03\/IMG_5620-192x300.jpeg 192w, https:\/\/wordpress.nibis.de\/ass-go\/files\/2026\/03\/IMG_5620-768x1201.jpeg 768w, https:\/\/wordpress.nibis.de\/ass-go\/files\/2026\/03\/IMG_5620-100x156.jpeg 100w, https:\/\/wordpress.nibis.de\/ass-go\/files\/2026\/03\/IMG_5620.jpeg 900w\" sizes=\"auto, (max-width: 655px) 100vw, 655px\" \/><\/figure>\n<\/div>\n\n\n<p>Eine Sch\u00fclergruppe pr\u00e4sentierte einen bewegenden Film zum Thema Frieden. Darin setzten sich die Kinder damit auseinander, wie Kriege entstehen und wie wichtig es ist, sich aktiv f\u00fcr den Weltfrieden einzusetzen. Die eindrucksvolle mediale Umsetzung und die klare Botschaft ber\u00fchrten das junge Publikum sp\u00fcrbar.<\/p>\n\n\n\n<p><strong>Versch\u00f6nerung der Turnhalle<\/strong><\/p>\n\n\n\n<p>Eine weitere Gruppe widmete sich der Gestaltung unserer Turnhalle. Die bisher graue Fassade gefiel den Kindern nicht, also wurden sie selbst aktiv und schrieben einen Brief an die Stadt Barsinghausen. Mit Erfolg: Die Genehmigung zur Gestaltung wurde erteilt. Die ersten Entw\u00fcrfe konnten bereits pr\u00e4sentiert werden und stie\u00dfen auf gro\u00dfe Begeisterung in der Schulgemeinschaft. Nun geht es in die konkrete Planungsphase.<\/p>\n\n\n<div class=\"wp-block-image is-style-rounded\">\n<figure class=\"aligncenter size-large\"><img loading=\"lazy\" decoding=\"async\" width=\"1024\" height=\"393\" src=\"https:\/\/wordpress.nibis.de\/ass-go\/files\/2026\/03\/IMG_5624-1-1024x393.jpeg\" alt=\"\" class=\"wp-image-2509\" srcset=\"https:\/\/wordpress.nibis.de\/ass-go\/files\/2026\/03\/IMG_5624-1-1024x393.jpeg 1024w, https:\/\/wordpress.nibis.de\/ass-go\/files\/2026\/03\/IMG_5624-1-300x115.jpeg 300w, https:\/\/wordpress.nibis.de\/ass-go\/files\/2026\/03\/IMG_5624-1-768x295.jpeg 768w, https:\/\/wordpress.nibis.de\/ass-go\/files\/2026\/03\/IMG_5624-1-100x38.jpeg 100w, https:\/\/wordpress.nibis.de\/ass-go\/files\/2026\/03\/IMG_5624-1-1536x590.jpeg 1536w, https:\/\/wordpress.nibis.de\/ass-go\/files\/2026\/03\/IMG_5624-1.jpeg 1591w\" sizes=\"auto, (max-width: 1024px) 100vw, 1024px\" \/><\/figure>\n<\/div>\n\n\n<p><strong>Mehr Farbe f\u00fcr unsere Schule<\/strong><\/p>\n\n\n\n<p>Unter dem Motto \u201eUnsere Schule soll freundlicher werden\u201c stellte eine Gruppe ihre Idee vor, verbl\u00fchte Fr\u00fchbl\u00fcher zu sammeln und auf dem Schulgel\u00e4nde einzupflanzen. Ziel ist es, im kommenden Jahr ein bunt bl\u00fchendes Schulumfeld zu schaffen. Eine wunderbare und sehr wirkungsvolle Idee, die zum Mitmachen einl\u00e4dt.<\/p>\n\n\n\n<figure class=\"wp-block-image size-large is-style-rounded\"><img loading=\"lazy\" decoding=\"async\" width=\"1024\" height=\"456\" src=\"https:\/\/wordpress.nibis.de\/ass-go\/files\/2026\/03\/IMG_5629-1024x456.jpeg\" alt=\"\" class=\"wp-image-2501\" srcset=\"https:\/\/wordpress.nibis.de\/ass-go\/files\/2026\/03\/IMG_5629-1024x456.jpeg 1024w, https:\/\/wordpress.nibis.de\/ass-go\/files\/2026\/03\/IMG_5629-300x133.jpeg 300w, https:\/\/wordpress.nibis.de\/ass-go\/files\/2026\/03\/IMG_5629-768x342.jpeg 768w, https:\/\/wordpress.nibis.de\/ass-go\/files\/2026\/03\/IMG_5629-100x44.jpeg 100w, https:\/\/wordpress.nibis.de\/ass-go\/files\/2026\/03\/IMG_5629-1536x683.jpeg 1536w, https:\/\/wordpress.nibis.de\/ass-go\/files\/2026\/03\/IMG_5629.jpeg 1598w\" sizes=\"auto, (max-width: 1024px) 100vw, 1024px\" \/><\/figure>\n\n\n\n<p><strong>Unser eigener Schulsong<\/strong><\/p>\n\n\n\n<p>Den Abschluss der Pr\u00e4sentationen bildete ein selbst entwickelter Schulsong, inklusive Video. Der Text wurde von den Sch\u00fcler*innen geschrieben und mithilfe von KI vertont. Das Ergebnis war nicht nur kreativ, sondern auch emotional ber\u00fchrend. Besonders die Zeile<\/p>\n\n\n\n<p>\u201e\u2026 uns schl\u00e4gt keiner, wir \u2013 wir sind die Albert-Schweitzer \u2026\u201c<\/p>\n\n\n\n<p>blieb vielen als echter Ohrwurm im Ged\u00e4chtnis.<\/p>\n\n\n\n<figure class=\"wp-block-image size-large is-style-rounded\"><img loading=\"lazy\" decoding=\"async\" width=\"1024\" height=\"411\" src=\"https:\/\/wordpress.nibis.de\/ass-go\/files\/2026\/03\/IMG_5636-1024x411.jpeg\" alt=\"\" class=\"wp-image-2503\" srcset=\"https:\/\/wordpress.nibis.de\/ass-go\/files\/2026\/03\/IMG_5636-1024x411.jpeg 1024w, https:\/\/wordpress.nibis.de\/ass-go\/files\/2026\/03\/IMG_5636-300x120.jpeg 300w, https:\/\/wordpress.nibis.de\/ass-go\/files\/2026\/03\/IMG_5636-768x308.jpeg 768w, https:\/\/wordpress.nibis.de\/ass-go\/files\/2026\/03\/IMG_5636-100x40.jpeg 100w, https:\/\/wordpress.nibis.de\/ass-go\/files\/2026\/03\/IMG_5636-1536x616.jpeg 1536w, https:\/\/wordpress.nibis.de\/ass-go\/files\/2026\/03\/IMG_5636.jpeg 1588w\" sizes=\"auto, (max-width: 1024px) 100vw, 1024px\" \/><\/figure>\n\n\n\n<p><strong>W\u00fcrdigungen und Auszeichnungen<\/strong><\/p>\n\n\n\n<p>Nach den Pr\u00e4sentationen folgten die Ehrungen:<\/p>\n\n\n\n<p>-Unsere Schulmannschaft erhielt Urkunden f\u00fcr ihre erfolgreiche Teilnahme an einem schul\u00fcbergreifenden <strong>Handballturnier<\/strong>.<\/p>\n\n\n\n<p>-Zudem wurde unsere Schule f\u00fcr den <strong>1. Platz im Bereich Energiesparen <\/strong>ausgezeichnet<strong>.<\/strong><\/p>\n\n\n\n<p>-Ein weiterer H\u00f6hepunkt war die <strong>Rezertifizierung als Sportfreundliche Schule<\/strong>. Ein Zeichen f\u00fcr unser kontinuierliches Engagement in Bewegung und Sport.<\/p>\n\n\n\n<p>In diesem Zusammenhang wurde auch der neue <strong>Bewegungskoffer<\/strong> vorgestellt, der k\u00fcnftig w\u00f6chentlich durch die Klassen wandert und sowohl die Pausen als auch Regenzeiten aktiver gestalten soll.<\/p>\n\n\n\n<p><strong>Ein gelungener Abschluss<\/strong><\/p>\n\n\n\n<p>Das Forum zeigte eindrucksvoll, wie vielf\u00e4ltig, engagiert und kreativ unsere Sch\u00fclerschaft ist. Alle Pr\u00e4sentationen wurden mutig und frei vorgetragen und spiegelten die tollen Ideen unserer Kinder wieder.<\/p>\n\n\n\n<p>Mit diesen positiven Eindr\u00fccken verabschiedeten wir uns gemeinsam in die Osterferien und w\u00fcnschen allen eine erholsame und sch\u00f6ne Zeit.<\/p>\n\n\n\n<p><\/p>\n","protected":false},"excerpt":{"rendered":"<p>Am Freitag, den 20. M\u00e4rz, fand unser Forum vor den Osterferien statt. Die gesamte Schulgemeinschaft kam zusammen, um gemeinsam zu singen, Projekte vorzustellen und besondere Leistungen zu w\u00fcrdigen. Gemeinsamer Auftakt Zum Einstieg sangen alle Kinder gemeinsam mit musikalischer Begleitung das Fr\u00fchlingslied \u201eAlle V\u00f6gel sind schon da\u201c. Der gelungene Auftakt sorgte f\u00fcr eine fr\u00f6hliche Stimmung und &hellip; <a href=\"https:\/\/wordpress.nibis.de\/ass-go\/20-03-2026-forum-vor-den-osterferien-ein-vormittag-voller-engagement-und-ideen\/\" class=\"more-link\"><span class=\"screen-reader-text\">20.03.2026 Forum vor den Osterferien &#8211; ein Vormittag voller Engagement und Ideen<\/span> weiterlesen<\/a><\/p>\n","protected":false},"author":9194276,"featured_media":0,"comment_status":"closed","ping_status":"closed","sticky":false,"template":"","format":"standard","meta":{"footnotes":""},"categories":[15,1],"tags":[],"class_list":["post-2483","post","type-post","status-publish","format-standard","hentry","category-aktuelles-2025-26","category-allgemein"],"_links":{"self":[{"href":"https:\/\/wordpress.nibis.de\/ass-go\/wp-json\/wp\/v2\/posts\/2483","targetHints":{"allow":["GET"]}}],"collection":[{"href":"https:\/\/wordpress.nibis.de\/ass-go\/wp-json\/wp\/v2\/posts"}],"about":[{"href":"https:\/\/wordpress.nibis.de\/ass-go\/wp-json\/wp\/v2\/types\/post"}],"author":[{"embeddable":true,"href":"https:\/\/wordpress.nibis.de\/ass-go\/wp-json\/wp\/v2\/users\/9194276"}],"replies":[{"embeddable":true,"href":"https:\/\/wordpress.nibis.de\/ass-go\/wp-json\/wp\/v2\/comments?post=2483"}],"version-history":[{"count":16,"href":"https:\/\/wordpress.nibis.de\/ass-go\/wp-json\/wp\/v2\/posts\/2483\/revisions"}],"predecessor-version":[{"id":2511,"href":"https:\/\/wordpress.nibis.de\/ass-go\/wp-json\/wp\/v2\/posts\/2483\/revisions\/2511"}],"wp:attachment":[{"href":"https:\/\/wordpress.nibis.de\/ass-go\/wp-json\/wp\/v2\/media?parent=2483"}],"wp:term":[{"taxonomy":"category","embeddable":true,"href":"https:\/\/wordpress.nibis.de\/ass-go\/wp-json\/wp\/v2\/categories?post=2483"},{"taxonomy":"post_tag","embeddable":true,"href":"https:\/\/wordpress.nibis.de\/ass-go\/wp-json\/wp\/v2\/tags?post=2483"}],"curies":[{"name":"wp","href":"https:\/\/api.w.org\/{rel}","templated":true}]}}