{"id":711,"date":"2023-12-01T16:48:00","date_gmt":"2023-12-01T15:48:00","guid":{"rendered":"https:\/\/wordpress.nibis.de\/ass-go\/?p=711"},"modified":"2025-12-04T09:14:55","modified_gmt":"2025-12-04T08:14:55","slug":"welche-regeln-gelten-fuer-den-schulweg","status":"publish","type":"post","link":"https:\/\/wordpress.nibis.de\/ass-go\/welche-regeln-gelten-fuer-den-schulweg\/","title":{"rendered":"10. Der Schulweg"},"content":{"rendered":"\n<p><\/p>\n\n\n\n<p>Mit dem Fahrrad zur Schule?<\/p>\n\n\n\n<p>Wir empfehlen Ihnen aus Sicherheitsgr\u00fcnden, Kinder erst im 3. und 4. Schuljahr mit dem Fahrrad in die Schule zu schicken. Auch das Benutzen eines Rollers sollte gut \u00fcberlegt sein. Alle Kinder, die mit dem Fahrrad oder Roller zur Schule kommen, sind aber auf dem Schulweg versichert.<\/p>\n\n\n\n<p>Im Bus: Bitte besprechen Sie mit Ihrem Kind das Verhalten im Schulbus. Alle Kinder m\u00fcssen w\u00e4hrend der Fahrt auf ihren Pl\u00e4tzen sitzen bleiben, und erst bei Halt des Busses darf aufgestanden werden.<\/p>\n\n\n\n<p>Vor der Schule: Unsere Kinder sind im Stra\u00dfenverkehr gef\u00e4hrdet, besonders auch t\u00e4glich vor unserer Schule. Bitte helfen Sie mit, diese Gef\u00e4hrdung zu vermindern und machen Sie so den Schulweg unserer Kinder sicherer:<\/p>\n\n\n\n<p><img loading=\"lazy\" decoding=\"async\" width=\"311\" height=\"543\" class=\"wp-image-747\" style=\"width: 10px\" src=\"https:\/\/wordpress.nibis.de\/ass-go\/files\/2023\/11\/ASS_Logo_Entwurf_Blatt_Gelb.png\" alt=\"\" srcset=\"https:\/\/wordpress.nibis.de\/ass-go\/files\/2023\/11\/ASS_Logo_Entwurf_Blatt_Gelb.png 311w, https:\/\/wordpress.nibis.de\/ass-go\/files\/2023\/11\/ASS_Logo_Entwurf_Blatt_Gelb-172x300.png 172w\" sizes=\"auto, (max-width: 311px) 100vw, 311px\" \/> Halten oder rangieren Sie nicht direkt vor der Schule \/ in den Gefahrenbereichen!<\/p>\n\n\n\n<p><img loading=\"lazy\" decoding=\"async\" width=\"311\" height=\"543\" class=\"wp-image-748\" style=\"width: 10px\" src=\"https:\/\/wordpress.nibis.de\/ass-go\/files\/2023\/11\/ASS_Logo_Entwurf_Blatt_Gruen.png\" alt=\"\" srcset=\"https:\/\/wordpress.nibis.de\/ass-go\/files\/2023\/11\/ASS_Logo_Entwurf_Blatt_Gruen.png 311w, https:\/\/wordpress.nibis.de\/ass-go\/files\/2023\/11\/ASS_Logo_Entwurf_Blatt_Gruen-172x300.png 172w\" sizes=\"auto, (max-width: 311px) 100vw, 311px\" \/> Halten Sie nicht auf dem Gehweg!<\/p>\n\n\n\n<p><img loading=\"lazy\" decoding=\"async\" width=\"324\" height=\"534\" class=\"wp-image-746\" style=\"width: 10px\" src=\"https:\/\/wordpress.nibis.de\/ass-go\/files\/2023\/11\/ASS_Logo_Entwurf_Blatt_Blau.png\" alt=\"\" srcset=\"https:\/\/wordpress.nibis.de\/ass-go\/files\/2023\/11\/ASS_Logo_Entwurf_Blatt_Blau.png 324w, https:\/\/wordpress.nibis.de\/ass-go\/files\/2023\/11\/ASS_Logo_Entwurf_Blatt_Blau-182x300.png 182w\" sizes=\"auto, (max-width: 324px) 100vw, 324px\" \/> Lassen Sie Ihr Kind ein paar Schritte mehr laufen! Damit f\u00f6rdern Sie die Selbstst\u00e4ndigkeit Ihres Kindes, die           Bewegung tut Ihrem Kind gut und so leisten Sie aktiv einen Beitrag zur Sicherheit aller.<\/p>\n\n\n\n<p>Es muss nicht erst etwas passieren\u2026<\/p>\n\n\n\n<p><em>F\u00fcr Ihre Mitwirkung danken wir Ihnen im Namen unserer Kinder.<\/em><\/p>\n","protected":false},"excerpt":{"rendered":"<p>Mit dem Fahrrad zur Schule? Wir empfehlen Ihnen aus Sicherheitsgr\u00fcnden, Kinder erst im 3. und 4. Schuljahr mit dem Fahrrad in die Schule zu schicken. Auch das Benutzen eines Rollers sollte gut \u00fcberlegt sein. Alle Kinder, die mit dem Fahrrad oder Roller zur Schule kommen, sind aber auf dem Schulweg versichert. Im Bus: Bitte besprechen &hellip; <a href=\"https:\/\/wordpress.nibis.de\/ass-go\/welche-regeln-gelten-fuer-den-schulweg\/\" class=\"more-link\"><span class=\"screen-reader-text\">10. Der Schulweg<\/span> weiterlesen<\/a><\/p>\n","protected":false},"author":9194276,"featured_media":0,"comment_status":"closed","ping_status":"closed","sticky":false,"template":"","format":"standard","meta":{"footnotes":""},"categories":[9],"tags":[],"class_list":["post-711","post","type-post","status-publish","format-standard","hentry","category-eltern"],"_links":{"self":[{"href":"https:\/\/wordpress.nibis.de\/ass-go\/wp-json\/wp\/v2\/posts\/711","targetHints":{"allow":["GET"]}}],"collection":[{"href":"https:\/\/wordpress.nibis.de\/ass-go\/wp-json\/wp\/v2\/posts"}],"about":[{"href":"https:\/\/wordpress.nibis.de\/ass-go\/wp-json\/wp\/v2\/types\/post"}],"author":[{"embeddable":true,"href":"https:\/\/wordpress.nibis.de\/ass-go\/wp-json\/wp\/v2\/users\/9194276"}],"replies":[{"embeddable":true,"href":"https:\/\/wordpress.nibis.de\/ass-go\/wp-json\/wp\/v2\/comments?post=711"}],"version-history":[{"count":11,"href":"https:\/\/wordpress.nibis.de\/ass-go\/wp-json\/wp\/v2\/posts\/711\/revisions"}],"predecessor-version":[{"id":2116,"href":"https:\/\/wordpress.nibis.de\/ass-go\/wp-json\/wp\/v2\/posts\/711\/revisions\/2116"}],"wp:attachment":[{"href":"https:\/\/wordpress.nibis.de\/ass-go\/wp-json\/wp\/v2\/media?parent=711"}],"wp:term":[{"taxonomy":"category","embeddable":true,"href":"https:\/\/wordpress.nibis.de\/ass-go\/wp-json\/wp\/v2\/categories?post=711"},{"taxonomy":"post_tag","embeddable":true,"href":"https:\/\/wordpress.nibis.de\/ass-go\/wp-json\/wp\/v2\/tags?post=711"}],"curies":[{"name":"wp","href":"https:\/\/api.w.org\/{rel}","templated":true}]}}