{"id":797,"date":"2023-11-24T20:38:20","date_gmt":"2023-11-24T19:38:20","guid":{"rendered":"https:\/\/wordpress.nibis.de\/ass-go\/?p=797"},"modified":"2025-12-04T09:14:12","modified_gmt":"2025-12-04T08:14:12","slug":"mein-kind-hat-kopflaeuse-was-nun","status":"publish","type":"post","link":"https:\/\/wordpress.nibis.de\/ass-go\/mein-kind-hat-kopflaeuse-was-nun\/","title":{"rendered":"07. Mein Kind hat Kopfl\u00e4use! Was nun?"},"content":{"rendered":"\n<p>Sie haben bei Ihrem Kind Kopfl\u00e4use entdeckt? Auf der Seite \u201e<a rel=\"noreferrer noopener\" href=\"https:\/\/www.kindergesundheit-info.de\/fileadmin\/user_upload\/kindergesundheit-info.de\/Download\/info_kopflaeuse_pdf\/Behandlungsuebersicht-Kopflaeuse_Was_tun_BZgA_kindergesundheit-info.pdf\" target=\"_blank\">Kindergesundheit-info.de<\/a>\u201c erfahren Sie, was jetzt zu tun ist.  <\/p>\n\n\n\n<p><\/p>\n\n\n\n<p><strong>Wie lange muss mein Kind wegen Kopfl\u00e4use zu Hause bleiben?<\/strong><\/p>\n\n\n\n<p>Wenn Sie den Kopflausbefall wie vorgesehen behandeln, kann Ihr Kind bereits am n\u00e4chsten Tag wieder in die Schule kommen. Ein Attest ist nicht erforderlich, sofern Sie uns die Eigenbehandlung best\u00e4tigen. <\/p>\n\n\n\n<p>Vergessen Sie bitte nicht die Wiederholungsbehandlung und kontrollieren Sie regelm\u00e4\u00dfig den Erfolg Ihrer Behandlung durch Ausk\u00e4mmen mit dem L\u00e4usekamm. <\/p>\n","protected":false},"excerpt":{"rendered":"<p>Sie haben bei Ihrem Kind Kopfl\u00e4use entdeckt? Auf der Seite \u201eKindergesundheit-info.de\u201c erfahren Sie, was jetzt zu tun ist. Wie lange muss mein Kind wegen Kopfl\u00e4use zu Hause bleiben? Wenn Sie den Kopflausbefall wie vorgesehen behandeln, kann Ihr Kind bereits am n\u00e4chsten Tag wieder in die Schule kommen. Ein Attest ist nicht erforderlich, sofern Sie uns &hellip; <a href=\"https:\/\/wordpress.nibis.de\/ass-go\/mein-kind-hat-kopflaeuse-was-nun\/\" class=\"more-link\"><span class=\"screen-reader-text\">07. Mein Kind hat Kopfl\u00e4use! Was nun?<\/span> weiterlesen<\/a><\/p>\n","protected":false},"author":9194276,"featured_media":0,"comment_status":"closed","ping_status":"closed","sticky":false,"template":"","format":"standard","meta":{"footnotes":""},"categories":[9],"tags":[],"class_list":["post-797","post","type-post","status-publish","format-standard","hentry","category-eltern"],"_links":{"self":[{"href":"https:\/\/wordpress.nibis.de\/ass-go\/wp-json\/wp\/v2\/posts\/797","targetHints":{"allow":["GET"]}}],"collection":[{"href":"https:\/\/wordpress.nibis.de\/ass-go\/wp-json\/wp\/v2\/posts"}],"about":[{"href":"https:\/\/wordpress.nibis.de\/ass-go\/wp-json\/wp\/v2\/types\/post"}],"author":[{"embeddable":true,"href":"https:\/\/wordpress.nibis.de\/ass-go\/wp-json\/wp\/v2\/users\/9194276"}],"replies":[{"embeddable":true,"href":"https:\/\/wordpress.nibis.de\/ass-go\/wp-json\/wp\/v2\/comments?post=797"}],"version-history":[{"count":18,"href":"https:\/\/wordpress.nibis.de\/ass-go\/wp-json\/wp\/v2\/posts\/797\/revisions"}],"predecessor-version":[{"id":2113,"href":"https:\/\/wordpress.nibis.de\/ass-go\/wp-json\/wp\/v2\/posts\/797\/revisions\/2113"}],"wp:attachment":[{"href":"https:\/\/wordpress.nibis.de\/ass-go\/wp-json\/wp\/v2\/media?parent=797"}],"wp:term":[{"taxonomy":"category","embeddable":true,"href":"https:\/\/wordpress.nibis.de\/ass-go\/wp-json\/wp\/v2\/categories?post=797"},{"taxonomy":"post_tag","embeddable":true,"href":"https:\/\/wordpress.nibis.de\/ass-go\/wp-json\/wp\/v2\/tags?post=797"}],"curies":[{"name":"wp","href":"https:\/\/api.w.org\/{rel}","templated":true}]}}