{"id":1023,"date":"2020-12-12T15:54:20","date_gmt":"2020-12-12T14:54:20","guid":{"rendered":"https:\/\/wordpress.nibis.de\/asswl\/?p=1023"},"modified":"2020-12-12T15:54:21","modified_gmt":"2020-12-12T14:54:21","slug":"erster-corona-fall-an-der-alten-stadtschule","status":"publish","type":"post","link":"https:\/\/wordpress.nibis.de\/asswl\/erster-corona-fall-an-der-alten-stadtschule\/","title":{"rendered":"Erster Corona-Fall an der Alten Stadtschule"},"content":{"rendered":"<p>Liebe Eltern,<\/p>\n<p>leider kam es zu einem ersten Fall im dritten Jahrgang. Weitere Informationen f\u00fcr alle Sch\u00fclerinnen und Sch\u00fcler k\u00f6nnen Sie dem beigef\u00fcgten <a href=\"https:\/\/wordpress.nibis.de\/asswl\/files\/2020\/12\/erster-Fall-alle-Eltern.pdf\">Dokument<\/a> entnehmen. Die Sch\u00fclerinnen und Sch\u00fcler des dritten Jahrgangs sowie auch alle anderen Sch\u00fclerinnen und Sch\u00fcler werden separat noch einmal von den Klassenlehrerinnen und Klassenlehrern informiert.<\/p>\n","protected":false},"excerpt":{"rendered":"<p>Liebe Eltern, leider kam es zu einem ersten Fall im dritten Jahrgang. Weitere Informationen f\u00fcr alle Sch\u00fclerinnen und Sch\u00fcler k\u00f6nnen Sie dem beigef\u00fcgten Dokument entnehmen. Die Sch\u00fclerinnen und Sch\u00fcler des dritten Jahrgangs sowie auch alle anderen Sch\u00fclerinnen und Sch\u00fcler werden &hellip; <a href=\"https:\/\/wordpress.nibis.de\/asswl\/erster-corona-fall-an-der-alten-stadtschule\/\">Weiterlesen <span class=\"meta-nav\">&rarr;<\/span><\/a><\/p>\n","protected":false},"author":9193069,"featured_media":0,"comment_status":"closed","ping_status":"closed","sticky":false,"template":"","format":"standard","meta":{"footnotes":""},"categories":[1],"tags":[],"class_list":["post-1023","post","type-post","status-publish","format-standard","hentry","category-allgemein"],"_links":{"self":[{"href":"https:\/\/wordpress.nibis.de\/asswl\/wp-json\/wp\/v2\/posts\/1023","targetHints":{"allow":["GET"]}}],"collection":[{"href":"https:\/\/wordpress.nibis.de\/asswl\/wp-json\/wp\/v2\/posts"}],"about":[{"href":"https:\/\/wordpress.nibis.de\/asswl\/wp-json\/wp\/v2\/types\/post"}],"author":[{"embeddable":true,"href":"https:\/\/wordpress.nibis.de\/asswl\/wp-json\/wp\/v2\/users\/9193069"}],"replies":[{"embeddable":true,"href":"https:\/\/wordpress.nibis.de\/asswl\/wp-json\/wp\/v2\/comments?post=1023"}],"version-history":[{"count":1,"href":"https:\/\/wordpress.nibis.de\/asswl\/wp-json\/wp\/v2\/posts\/1023\/revisions"}],"predecessor-version":[{"id":1027,"href":"https:\/\/wordpress.nibis.de\/asswl\/wp-json\/wp\/v2\/posts\/1023\/revisions\/1027"}],"wp:attachment":[{"href":"https:\/\/wordpress.nibis.de\/asswl\/wp-json\/wp\/v2\/media?parent=1023"}],"wp:term":[{"taxonomy":"category","embeddable":true,"href":"https:\/\/wordpress.nibis.de\/asswl\/wp-json\/wp\/v2\/categories?post=1023"},{"taxonomy":"post_tag","embeddable":true,"href":"https:\/\/wordpress.nibis.de\/asswl\/wp-json\/wp\/v2\/tags?post=1023"}],"curies":[{"name":"wp","href":"https:\/\/api.w.org\/{rel}","templated":true}]}}