{"id":1311,"date":"2016-07-13T18:07:51","date_gmt":"2016-07-13T16:07:51","guid":{"rendered":"http:\/\/wordpress.nibis.de\/awobs\/?p=1311"},"modified":"2016-07-13T18:07:51","modified_gmt":"2016-07-13T16:07:51","slug":"alphabetisierung-von-fluechtlingskindern-durch-ehrenamtliche","status":"publish","type":"post","link":"https:\/\/wordpress.nibis.de\/awobs\/alphabetisierung-von-fluechtlingskindern-durch-ehrenamtliche\/","title":{"rendered":"Alphabetisierung von Fl\u00fcchtlingskindern durch Ehrenamtliche"},"content":{"rendered":"<p>F\u00fcr ihren t\u00e4glichen Einsatz in der Beschulung von Fl\u00fcchtlingskindern bedankte sich Schulleiter Joachim Kruse bei der ehrenamtlichen Kollegin D\u00f6rte Niehaus.<\/p>\n<figure id=\"attachment_1313\" aria-describedby=\"caption-attachment-1313\" style=\"width: 800px\" class=\"wp-caption alignleft\"><img loading=\"lazy\" decoding=\"async\" class=\"wp-image-1313 size-full\" src=\"http:\/\/wordpress.nibis.de\/awobs\/files\/2016\/07\/P1070402.jpg\" alt=\"Die ehrenamtliche Sprachlernkollegin D\u00f6rte Niehaus im Kreis einiger Sch\u00fcler.\" width=\"800\" height=\"600\" \/><figcaption id=\"caption-attachment-1313\" class=\"wp-caption-text\">Die ehrenamtliche Sprachlernkollegin D\u00f6rte Niehaus im Kreis einiger Sch\u00fcler.<\/figcaption><\/figure>\n<p>Zwischen vier und sechs Kinder aus Fl\u00fcchtlingsfamilien betreute die Grundschullehrerin im Ruhestand in der Aller-Weser-Oberschule in D\u00f6rverden.<\/p>\n<p>Neben der Prozess der Vermittlung der Lesef\u00e4higkeit und der Schreibf\u00e4higkeit unterst\u00fctzte sie auch die Sch\u00fclerinnen und Sch\u00fcler, die ihre Sprachkenntnisse in der f\u00fcr sie neuen Sprache Deutsch erlernen.<\/p>\n<p>Im kommenden Schuljahr werden die Kinder in einer Sprachlernklasse beschult werden. Auch hier wird sich die engagierte Kollegin wieder einbringen.<\/p>\n","protected":false},"excerpt":{"rendered":"<p>F\u00fcr ihren t\u00e4glichen Einsatz in der Beschulung von Fl\u00fcchtlingskindern bedankte sich Schulleiter Joachim Kruse bei der ehrenamtlichen Kollegin D\u00f6rte Niehaus. Zwischen vier und sechs Kinder aus Fl\u00fcchtlingsfamilien betreute die Grundschullehrerin im Ruhestand in der Aller-Weser-Oberschule in D\u00f6rverden. Neben der Prozess der Vermittlung der Lesef\u00e4higkeit und der Schreibf\u00e4higkeit unterst\u00fctzte sie auch die Sch\u00fclerinnen und Sch\u00fcler, die [&hellip;]<\/p>\n","protected":false},"author":760,"featured_media":0,"comment_status":"closed","ping_status":"closed","sticky":false,"template":"","format":"standard","meta":{"footnotes":""},"categories":[1],"tags":[],"class_list":["post-1311","post","type-post","status-publish","format-standard","hentry","category-allgemein"],"_links":{"self":[{"href":"https:\/\/wordpress.nibis.de\/awobs\/wp-json\/wp\/v2\/posts\/1311","targetHints":{"allow":["GET"]}}],"collection":[{"href":"https:\/\/wordpress.nibis.de\/awobs\/wp-json\/wp\/v2\/posts"}],"about":[{"href":"https:\/\/wordpress.nibis.de\/awobs\/wp-json\/wp\/v2\/types\/post"}],"author":[{"embeddable":true,"href":"https:\/\/wordpress.nibis.de\/awobs\/wp-json\/wp\/v2\/users\/760"}],"replies":[{"embeddable":true,"href":"https:\/\/wordpress.nibis.de\/awobs\/wp-json\/wp\/v2\/comments?post=1311"}],"version-history":[{"count":3,"href":"https:\/\/wordpress.nibis.de\/awobs\/wp-json\/wp\/v2\/posts\/1311\/revisions"}],"predecessor-version":[{"id":1316,"href":"https:\/\/wordpress.nibis.de\/awobs\/wp-json\/wp\/v2\/posts\/1311\/revisions\/1316"}],"wp:attachment":[{"href":"https:\/\/wordpress.nibis.de\/awobs\/wp-json\/wp\/v2\/media?parent=1311"}],"wp:term":[{"taxonomy":"category","embeddable":true,"href":"https:\/\/wordpress.nibis.de\/awobs\/wp-json\/wp\/v2\/categories?post=1311"},{"taxonomy":"post_tag","embeddable":true,"href":"https:\/\/wordpress.nibis.de\/awobs\/wp-json\/wp\/v2\/tags?post=1311"}],"curies":[{"name":"wp","href":"https:\/\/api.w.org\/{rel}","templated":true}]}}