{"id":4769,"date":"2022-12-09T13:02:02","date_gmt":"2022-12-09T12:02:02","guid":{"rendered":"https:\/\/wordpress.nibis.de\/awobs\/?p=4769"},"modified":"2022-12-09T13:08:47","modified_gmt":"2022-12-09T12:08:47","slug":"vorlesewettbewerb-ein-voller-erfolg","status":"publish","type":"post","link":"https:\/\/wordpress.nibis.de\/awobs\/vorlesewettbewerb-ein-voller-erfolg\/","title":{"rendered":"Vorlesewettbewerb ein voller Erfolg"},"content":{"rendered":"\n<p>Einen besonders aufregenden Schultag erlebten am 08.12.2022 sechs Kinder unseres sechsten Jahrgangs. Nachdem die Klassen 6a, 6b und 6c im Deutschunterricht der letzten Wochen jeweils zwei Klassenbeste Vorleserinnen und Vorleser ermittelt hatten, kam es nun zum offiziellen Vorlesewettbewerb der Aller-Weser-Oberschule D\u00f6rverden.<\/p>\n<p>Leonie Rathge, Felipe Cordova Zurita (beide 6a), Angeliqu\u00e9 Kirstein, Owen Rasselnbruch (beide 6b), Anni Unterholzner sowie Sarhad Ziad Raqib (beide 6c) machten sich in der ersten gro\u00dfen Pause gemeinsam mit dem gesamten Jahrgang auf dem Weg zum Kulturgut Ehmken Hoff, wo Joachim Kruse bereits die Technik und das Licht f\u00fcr die n\u00f6tige Atmosph\u00e4re vorbereitet hatte.<\/p>\n<p>Die Jury bestand aus unserer Sozialp\u00e4dagogin Beate Strohmeyer und Deutschlehrer Eike Behrens. Herr Schaal, unser didaktischer Leiter, f\u00fchrte moderierend durchs Programm. Auch Schulleiter Alexander Schock wollte es sich nicht nehmen lassen, die etwa 90min\u00fctige Veranstaltung pers\u00f6nlich zu begleiten.<\/p>\n<p>Zun\u00e4chst las jedes Kind nach einer kurzen Buchvorstellung drei Minuten lang aus dem jeweils eigens ausgew\u00e4hlten Werk vor. Auf diesen Teil des Wettbewerbs konnten sich die Kinder im Unterricht sowie zu Hause also gezielt vorbereiten. Im Anschluss wurde die Herausforderung noch etwas gr\u00f6\u00dfer, als alle Kinder zwei Minuten lang spontan aus dem ihnen unbekannten Werk \u201eWoher ich meine Sommersprossen habe\u201c (Nikola Huppertz) vorlasen.<\/p>\n<p>Besonders leicht hatte es die Jury an diesem Tage nicht, da sich alle Kinder besonders viel M\u00fche gaben und ausnahmslos gelungene Lesevortr\u00e4ge zu h\u00f6ren waren. Dies konnte man unter anderem daran erkennen, dass die Kinder im Publikum den talentierten Vorleserinnen und Vorlesern wirklich mucksm\u00e4uschenstill lauschten.<\/p>\n<p>Am Ende gelang es Angeliqu\u00e9 Kirstein aus der 6b mit einem Auszug aus \u201eCharlottes Traumpferd\u201c (Nele Neuhaus), sich haarscharf vor Leonie Rathge (6a) und ihrem Vortrag aus \u201eHundegl\u00fcck muss man haben\u201c (Nikola Huppertz) durchzusetzen. Wir gratulieren beiden zu ihrer tollen Leistung und bedanken uns ganz herzlich bei Joachim Kruse sowie dem gesamten Team Ehmken Hoff, dessen sch\u00f6ne R\u00e4umlichkeiten auch dieser Veranstaltung einen tollen Rahmen verliehen haben.\u00a0<img loading=\"lazy\" decoding=\"async\" class=\"aligncenter\" src=\"https:\/\/wordpress.nibis.de\/awobs\/files\/2022\/12\/IMG20221208111620-scaled.jpg\" alt=\"Angeliqu\u00e9 Kirstein und Leonie Rathge\" width=\"445\" height=\"593\" \/><\/p>\n<p>\u00a0\u00a0\u00a0\u00a0\u00a0\u00a0\u00a0\u00a0\u00a0\u00a0\u00a0\u00a0\u00a0\u00a0\u00a0\u00a0\u00a0\u00a0\u00a0\u00a0\u00a0\u00a0\u00a0\u00a0\u00a0\u00a0\u00a0\u00a0\u00a0\u00a0\u00a0\u00a0\u00a0\u00a0\u00a0\u00a0\u00a0\u00a0\u00a0 Angeliqu\u00e9 Kirstein und Leonie Rathge<\/p>\n","protected":false},"excerpt":{"rendered":"<p>Einen besonders aufregenden Schultag erlebten am 08.12.2022 sechs Kinder unseres sechsten Jahrgangs. Nachdem die Klassen 6a, 6b und 6c im Deutschunterricht der letzten Wochen jeweils zwei Klassenbeste Vorleserinnen und Vorleser ermittelt hatten, kam es nun zum offiziellen Vorlesewettbewerb der Aller-Weser-Oberschule D\u00f6rverden. Leonie Rathge, Felipe Cordova Zurita (beide 6a), Angeliqu\u00e9 Kirstein, Owen Rasselnbruch (beide 6b), Anni [&hellip;]<\/p>\n","protected":false},"author":760,"featured_media":0,"comment_status":"closed","ping_status":"closed","sticky":false,"template":"","format":"standard","meta":{"footnotes":""},"categories":[1],"tags":[],"class_list":["post-4769","post","type-post","status-publish","format-standard","hentry","category-allgemein"],"_links":{"self":[{"href":"https:\/\/wordpress.nibis.de\/awobs\/wp-json\/wp\/v2\/posts\/4769","targetHints":{"allow":["GET"]}}],"collection":[{"href":"https:\/\/wordpress.nibis.de\/awobs\/wp-json\/wp\/v2\/posts"}],"about":[{"href":"https:\/\/wordpress.nibis.de\/awobs\/wp-json\/wp\/v2\/types\/post"}],"author":[{"embeddable":true,"href":"https:\/\/wordpress.nibis.de\/awobs\/wp-json\/wp\/v2\/users\/760"}],"replies":[{"embeddable":true,"href":"https:\/\/wordpress.nibis.de\/awobs\/wp-json\/wp\/v2\/comments?post=4769"}],"version-history":[{"count":4,"href":"https:\/\/wordpress.nibis.de\/awobs\/wp-json\/wp\/v2\/posts\/4769\/revisions"}],"predecessor-version":[{"id":4780,"href":"https:\/\/wordpress.nibis.de\/awobs\/wp-json\/wp\/v2\/posts\/4769\/revisions\/4780"}],"wp:attachment":[{"href":"https:\/\/wordpress.nibis.de\/awobs\/wp-json\/wp\/v2\/media?parent=4769"}],"wp:term":[{"taxonomy":"category","embeddable":true,"href":"https:\/\/wordpress.nibis.de\/awobs\/wp-json\/wp\/v2\/categories?post=4769"},{"taxonomy":"post_tag","embeddable":true,"href":"https:\/\/wordpress.nibis.de\/awobs\/wp-json\/wp\/v2\/tags?post=4769"}],"curies":[{"name":"wp","href":"https:\/\/api.w.org\/{rel}","templated":true}]}}