{"id":5096,"date":"2023-11-16T12:02:55","date_gmt":"2023-11-16T11:02:55","guid":{"rendered":"https:\/\/wordpress.nibis.de\/awobs\/?p=5096"},"modified":"2023-11-16T12:03:00","modified_gmt":"2023-11-16T11:03:00","slug":"schuldisco-in-der-grossen-pause","status":"publish","type":"post","link":"https:\/\/wordpress.nibis.de\/awobs\/schuldisco-in-der-grossen-pause\/","title":{"rendered":"Schuldisco in der gro\u00dfen Pause"},"content":{"rendered":"\n<p><strong>Schule zum Wohlf\u00fchlen: Harte Beats oder entspannte Rhythmen &#8211; die Schuldisco in der Aller-Weser-Oberschule D\u00f6rverden hat so einiges zu bieten<\/strong> &#8211; und kommt gut an: Jeden Donnerstag in der zweiten gro\u00dfen Pause treffen sich zahlreiche Sch\u00fclerinnen und Sch\u00fcler in der Mensa zu diesem Musikereignis. Die Initiative dazu hatte Musiklehrerin Johanna Friedrichs. Tolle Idee!<\/p>\n\n\n\n<figure class=\"wp-block-image size-large\"><img loading=\"lazy\" decoding=\"async\" width=\"800\" height=\"546\" src=\"https:\/\/wordpress.nibis.de\/awobs\/files\/2023\/11\/20231116Schuldisco-800x546.jpg\" alt=\"\" class=\"wp-image-5097\" srcset=\"https:\/\/wordpress.nibis.de\/awobs\/files\/2023\/11\/20231116Schuldisco-800x546.jpg 800w, https:\/\/wordpress.nibis.de\/awobs\/files\/2023\/11\/20231116Schuldisco-300x205.jpg 300w, https:\/\/wordpress.nibis.de\/awobs\/files\/2023\/11\/20231116Schuldisco-768x525.jpg 768w, https:\/\/wordpress.nibis.de\/awobs\/files\/2023\/11\/20231116Schuldisco-1536x1049.jpg 1536w, https:\/\/wordpress.nibis.de\/awobs\/files\/2023\/11\/20231116Schuldisco-75x50.jpg 75w, https:\/\/wordpress.nibis.de\/awobs\/files\/2023\/11\/20231116Schuldisco.jpg 1988w\" sizes=\"auto, (max-width: 800px) 100vw, 800px\" \/><figcaption><strong>So macht Schule Spa\u00df: mit toller Musik die gro\u00dfe Pause genie\u00dfen. Musiklehrerin Johanna Friedrichs gestaltet die w\u00f6chentliche Veranstaltung.<\/strong><\/figcaption><\/figure>\n","protected":false},"excerpt":{"rendered":"<p>Schule zum Wohlf\u00fchlen: Harte Beats oder entspannte Rhythmen &#8211; die Schuldisco in der Aller-Weser-Oberschule D\u00f6rverden hat so einiges zu bieten &#8211; und kommt gut an: Jeden Donnerstag in der zweiten gro\u00dfen Pause treffen sich zahlreiche Sch\u00fclerinnen und Sch\u00fcler in der Mensa zu diesem Musikereignis. Die Initiative dazu hatte Musiklehrerin Johanna Friedrichs. Tolle Idee!<\/p>\n","protected":false},"author":9194257,"featured_media":0,"comment_status":"closed","ping_status":"closed","sticky":false,"template":"","format":"standard","meta":{"footnotes":""},"categories":[1],"tags":[],"class_list":["post-5096","post","type-post","status-publish","format-standard","hentry","category-allgemein"],"_links":{"self":[{"href":"https:\/\/wordpress.nibis.de\/awobs\/wp-json\/wp\/v2\/posts\/5096","targetHints":{"allow":["GET"]}}],"collection":[{"href":"https:\/\/wordpress.nibis.de\/awobs\/wp-json\/wp\/v2\/posts"}],"about":[{"href":"https:\/\/wordpress.nibis.de\/awobs\/wp-json\/wp\/v2\/types\/post"}],"author":[{"embeddable":true,"href":"https:\/\/wordpress.nibis.de\/awobs\/wp-json\/wp\/v2\/users\/9194257"}],"replies":[{"embeddable":true,"href":"https:\/\/wordpress.nibis.de\/awobs\/wp-json\/wp\/v2\/comments?post=5096"}],"version-history":[{"count":1,"href":"https:\/\/wordpress.nibis.de\/awobs\/wp-json\/wp\/v2\/posts\/5096\/revisions"}],"predecessor-version":[{"id":5098,"href":"https:\/\/wordpress.nibis.de\/awobs\/wp-json\/wp\/v2\/posts\/5096\/revisions\/5098"}],"wp:attachment":[{"href":"https:\/\/wordpress.nibis.de\/awobs\/wp-json\/wp\/v2\/media?parent=5096"}],"wp:term":[{"taxonomy":"category","embeddable":true,"href":"https:\/\/wordpress.nibis.de\/awobs\/wp-json\/wp\/v2\/categories?post=5096"},{"taxonomy":"post_tag","embeddable":true,"href":"https:\/\/wordpress.nibis.de\/awobs\/wp-json\/wp\/v2\/tags?post=5096"}],"curies":[{"name":"wp","href":"https:\/\/api.w.org\/{rel}","templated":true}]}}