{"id":5100,"date":"2023-11-20T10:20:47","date_gmt":"2023-11-20T09:20:47","guid":{"rendered":"https:\/\/wordpress.nibis.de\/awobs\/?p=5100"},"modified":"2023-11-20T10:21:44","modified_gmt":"2023-11-20T09:21:44","slug":"weihnachtsbasar-am-07-12-2023","status":"publish","type":"post","link":"https:\/\/wordpress.nibis.de\/awobs\/weihnachtsbasar-am-07-12-2023\/","title":{"rendered":"Weihnachtsbasar am 07.12.2023"},"content":{"rendered":"\n<p>Liebe Eltern und liebe Sch\u00fclerinnen und Sch\u00fcler der Gemeinde D\u00f6rverden,<\/p>\n<p>auch in diesem Jahr l\u00e4d die Aller-Weser-Oberschule herzlich zum Weihnachtsbasar ein. Wir freuen uns sehr auf alle gro\u00dfen und kleinen Besucher und Besucherinnen.<\/p>\n<p><img loading=\"lazy\" decoding=\"async\" class=\"wp-image-5102 aligncenter\" src=\"https:\/\/wordpress.nibis.de\/awobs\/files\/2023\/11\/2023-Flyer-Weihnachtsbasar-OBS-Doerverden-214x300.jpg\" alt=\"\" width=\"425\" height=\"596\" srcset=\"https:\/\/wordpress.nibis.de\/awobs\/files\/2023\/11\/2023-Flyer-Weihnachtsbasar-OBS-Doerverden-214x300.jpg 214w, https:\/\/wordpress.nibis.de\/awobs\/files\/2023\/11\/2023-Flyer-Weihnachtsbasar-OBS-Doerverden-428x600.jpg 428w, https:\/\/wordpress.nibis.de\/awobs\/files\/2023\/11\/2023-Flyer-Weihnachtsbasar-OBS-Doerverden-768x1076.jpg 768w, https:\/\/wordpress.nibis.de\/awobs\/files\/2023\/11\/2023-Flyer-Weihnachtsbasar-OBS-Doerverden-1097x1536.jpg 1097w, https:\/\/wordpress.nibis.de\/awobs\/files\/2023\/11\/2023-Flyer-Weihnachtsbasar-OBS-Doerverden.jpg 1181w\" sizes=\"auto, (max-width: 425px) 100vw, 425px\" \/><\/p>\n","protected":false},"excerpt":{"rendered":"<p>Liebe Eltern und liebe Sch\u00fclerinnen und Sch\u00fcler der Gemeinde D\u00f6rverden, auch in diesem Jahr l\u00e4d die Aller-Weser-Oberschule herzlich zum Weihnachtsbasar ein. Wir freuen uns sehr auf alle gro\u00dfen und kleinen Besucher und Besucherinnen.<\/p>\n","protected":false},"author":760,"featured_media":0,"comment_status":"closed","ping_status":"closed","sticky":false,"template":"","format":"standard","meta":{"footnotes":""},"categories":[1],"tags":[],"class_list":["post-5100","post","type-post","status-publish","format-standard","hentry","category-allgemein"],"_links":{"self":[{"href":"https:\/\/wordpress.nibis.de\/awobs\/wp-json\/wp\/v2\/posts\/5100","targetHints":{"allow":["GET"]}}],"collection":[{"href":"https:\/\/wordpress.nibis.de\/awobs\/wp-json\/wp\/v2\/posts"}],"about":[{"href":"https:\/\/wordpress.nibis.de\/awobs\/wp-json\/wp\/v2\/types\/post"}],"author":[{"embeddable":true,"href":"https:\/\/wordpress.nibis.de\/awobs\/wp-json\/wp\/v2\/users\/760"}],"replies":[{"embeddable":true,"href":"https:\/\/wordpress.nibis.de\/awobs\/wp-json\/wp\/v2\/comments?post=5100"}],"version-history":[{"count":3,"href":"https:\/\/wordpress.nibis.de\/awobs\/wp-json\/wp\/v2\/posts\/5100\/revisions"}],"predecessor-version":[{"id":5104,"href":"https:\/\/wordpress.nibis.de\/awobs\/wp-json\/wp\/v2\/posts\/5100\/revisions\/5104"}],"wp:attachment":[{"href":"https:\/\/wordpress.nibis.de\/awobs\/wp-json\/wp\/v2\/media?parent=5100"}],"wp:term":[{"taxonomy":"category","embeddable":true,"href":"https:\/\/wordpress.nibis.de\/awobs\/wp-json\/wp\/v2\/categories?post=5100"},{"taxonomy":"post_tag","embeddable":true,"href":"https:\/\/wordpress.nibis.de\/awobs\/wp-json\/wp\/v2\/tags?post=5100"}],"curies":[{"name":"wp","href":"https:\/\/api.w.org\/{rel}","templated":true}]}}